{"id":5199,"date":"2025-01-25T11:27:00","date_gmt":"2025-01-25T11:27:00","guid":{"rendered":"http:\/\/www.afriquenouvellemusique.org\/site\/?p=5199"},"modified":"2025-07-20T11:42:09","modified_gmt":"2025-07-20T11:42:09","slug":"diversite-en-scene-feb-22-mar-22-2025","status":"publish","type":"post","link":"https:\/\/www.afriquenouvellemusique.org\/site\/fr\/eventscat\/diversite-en-scene-feb-22-mar-22-2025\/","title":{"rendered":"Diversit\u00e9 en Sc\u00e8ne &#8211; 22 f\u00e9v &#038; 22 mars"},"content":{"rendered":"\t\t<div data-elementor-type=\"wp-post\" data-elementor-id=\"5199\" class=\"elementor elementor-5199\">\n\t\t\t\t\t\t<section class=\"elementor-section elementor-top-section elementor-element elementor-element-02afa16 elementor-section-boxed elementor-section-height-default elementor-section-height-default\" data-id=\"02afa16\" data-element_type=\"section\" data-e-type=\"section\">\n\t\t\t\t\t\t<div class=\"elementor-container elementor-column-gap-default\">\n\t\t\t\t\t<div class=\"elementor-column elementor-col-100 elementor-top-column elementor-element elementor-element-59e67b3\" data-id=\"59e67b3\" data-element_type=\"column\" data-e-type=\"column\">\n\t\t\t<div class=\"elementor-widget-wrap elementor-element-populated\">\n\t\t\t\t\t\t<div class=\"elementor-element elementor-element-4a2fc69 elementor-widget elementor-widget-shortcode\" data-id=\"4a2fc69\" data-element_type=\"widget\" data-e-type=\"widget\" data-widget_type=\"shortcode.default\">\n\t\t\t\t<div class=\"elementor-widget-container\">\n\t\t\t\t\t\t\t<div class=\"elementor-shortcode\"><iframe  id=\"_ytid_92677\"  width=\"1170\" height=\"658\"  data-origwidth=\"1170\" data-origheight=\"658\" src=\"https:\/\/www.youtube.com\/embed\/pwtS9f84KBU?enablejsapi=1&autoplay=0&cc_load_policy=0&cc_lang_pref=&iv_load_policy=1&loop=0&rel=1&fs=1&playsinline=0&autohide=2&theme=dark&color=red&controls=1&disablekb=0&\" class=\"__youtube_prefs__  no-lazyload\" title=\"YouTube player\"  allow=\"fullscreen; accelerometer; autoplay; clipboard-write; encrypted-media; gyroscope; picture-in-picture; web-share\" referrerpolicy=\"strict-origin-when-cross-origin\" allowfullscreen data-no-lazy=\"1\" data-skipgform_ajax_framebjll=\"\"><\/iframe><\/div>\n\t\t\t\t\t\t<\/div>\n\t\t\t\t<\/div>\n\t\t\t\t\t<\/div>\n\t\t<\/div>\n\t\t\t\t\t<\/div>\n\t\t<\/section>\n\t\t\t\t<section class=\"elementor-section elementor-top-section elementor-element elementor-element-05dda83 elementor-section-boxed elementor-section-height-default elementor-section-height-default\" data-id=\"05dda83\" data-element_type=\"section\" data-e-type=\"section\">\n\t\t\t\t\t\t<div class=\"elementor-container elementor-column-gap-default\">\n\t\t\t\t\t<div class=\"elementor-column elementor-col-100 elementor-top-column elementor-element elementor-element-1466d31\" data-id=\"1466d31\" data-element_type=\"column\" data-e-type=\"column\">\n\t\t\t<div class=\"elementor-widget-wrap elementor-element-populated\">\n\t\t\t\t\t\t<div class=\"elementor-element elementor-element-45f5ef0 elementor-widget elementor-widget-text-editor\" data-id=\"45f5ef0\" data-element_type=\"widget\" data-e-type=\"widget\" data-widget_type=\"text-editor.default\">\n\t\t\t\t<div class=\"elementor-widget-container\">\n\t\t\t\t\t\t\t\t\t<p>Afrique Nouvelle Musique pr\u00e9sente Diversit\u00e9 en Sc\u00e8ne.<\/p><p><strong>SPECTACLE DE DANSE, SOIR\u00c9E DE CONTES<\/strong>: 22 f\u00e9v, 2025 \u00e0 20h<br \/><strong>GRATUIT<\/strong><\/p><p><strong>CONCERT INTERCULTUREL<\/strong>: 22 mars, 2025 \u00e0 20h<br \/><b>BILLETS<\/b>: $15<\/p><p><strong>LIEU POUR LES DEUX \u00c9V\u00c9NEMENTS<\/strong>: Small World Music Center, 180 Rue Shaw, Toronto.<\/p><p>La pertinence du projet \u00ab\u00a0Diversit\u00e9 en Sc\u00e8ne\u00a0\u00bb repose sur la n\u00e9cessit\u00e9 de favoriser le rapprochement communautaire entre les francophones, de promouvoir l\u2019usage de la langue fran\u00e7aise et de valoriser les expressions artistiques, culturelles et patrimoniales de ces communaut\u00e9s.<\/p><p>\u00ab\u00a0Diversit\u00e9 en Sc\u00e8ne\u00a0\u00bb se veut un engagement fort en faveur de l&rsquo;inclusion, de la diversit\u00e9 et du dialogue interculturel. Ce projet c\u00e9l\u00e8bre la richesse culturelle des communaut\u00e9s francophones et offre un cadre propice au vivre-ensemble et \u00e0 l\u2019\u00e9panouissement collectif dans la r\u00e9gion de Toronto. \u00c0 travers une s\u00e9rie d&rsquo;\u00e9v\u00e9nements artistiques participatifs, le projet implique \u00e9troitement les artistes et les membres de la communaut\u00e9 dans toutes les \u00e9tapes, de la conception \u00e0 la diffusion des spectacles, cr\u00e9ant ainsi un espace de collaboration et de partage unique.<\/p>\t\t\t\t\t\t\t\t<\/div>\n\t\t\t\t<\/div>\n\t\t\t\t<div class=\"elementor-element elementor-element-5cfde36 elementor-widget elementor-widget-image\" data-id=\"5cfde36\" data-element_type=\"widget\" data-e-type=\"widget\" data-widget_type=\"image.default\">\n\t\t\t\t<div class=\"elementor-widget-container\">\n\t\t\t\t\t\t\t\t\t\t\t\t\t\t\t<img fetchpriority=\"high\" decoding=\"async\" width=\"1024\" height=\"1024\" src=\"https:\/\/www.afriquenouvellemusique.org\/site\/wp-content\/uploads\/2025\/01\/DiversiteFeb25-1024x1024.jpg\" class=\"attachment-large size-large wp-image-5200\" alt=\"afrique nouvelle musique africa new music toronto canada art arts african congo congolese arthur tongo thomas tumbu festival bana y&#039;afrique francophone culture diversity\" srcset=\"https:\/\/www.afriquenouvellemusique.org\/site\/wp-content\/uploads\/2025\/01\/DiversiteFeb25-1024x1024.jpg 1024w, https:\/\/www.afriquenouvellemusique.org\/site\/wp-content\/uploads\/2025\/01\/DiversiteFeb25-300x300.jpg 300w, https:\/\/www.afriquenouvellemusique.org\/site\/wp-content\/uploads\/2025\/01\/DiversiteFeb25-150x150.jpg 150w, https:\/\/www.afriquenouvellemusique.org\/site\/wp-content\/uploads\/2025\/01\/DiversiteFeb25-768x768.jpg 768w, https:\/\/www.afriquenouvellemusique.org\/site\/wp-content\/uploads\/2025\/01\/DiversiteFeb25-1536x1536.jpg 1536w, https:\/\/www.afriquenouvellemusique.org\/site\/wp-content\/uploads\/2025\/01\/DiversiteFeb25-1000x1000.jpg 1000w, https:\/\/www.afriquenouvellemusique.org\/site\/wp-content\/uploads\/2025\/01\/DiversiteFeb25-230x230.jpg 230w, https:\/\/www.afriquenouvellemusique.org\/site\/wp-content\/uploads\/2025\/01\/DiversiteFeb25-350x350.jpg 350w, https:\/\/www.afriquenouvellemusique.org\/site\/wp-content\/uploads\/2025\/01\/DiversiteFeb25-480x480.jpg 480w, https:\/\/www.afriquenouvellemusique.org\/site\/wp-content\/uploads\/2025\/01\/DiversiteFeb25.jpg 1800w\" sizes=\"(max-width: 1024px) 100vw, 1024px\" \/>\t\t\t\t\t\t\t\t\t\t\t\t\t\t\t<\/div>\n\t\t\t\t<\/div>\n\t\t\t\t\t<\/div>\n\t\t<\/div>\n\t\t\t\t\t<\/div>\n\t\t<\/section>\n\t\t\t\t<\/div>\n\t\t","protected":false},"excerpt":{"rendered":"<p>Afrique Nouvelle Musique pr\u00e9sente Diversit\u00e9 en Sc\u00e8ne. SPECTACLE DE DANSE, SOIR\u00c9E DE CONTES: 22 f\u00e9v, 2025 \u00e0 20hGRATUIT CONCERT INTERCULTUREL: 22 mars, [&hellip;]<\/p>\n","protected":false},"author":1,"featured_media":5200,"comment_status":"closed","ping_status":"closed","sticky":false,"template":"","format":"standard","meta":{"footnotes":""},"categories":[1,328],"tags":[312,307,313,306,315,404,402,396,403,317,294,316,314],"class_list":["post-5199","post","type-post","status-publish","format-standard","has-post-thumbnail","hentry","category-eventscat","category-pastevents","tag-africa","tag-africa-new-music","tag-african","tag-afrique-nouvelle-musique","tag-canada","tag-culture","tag-diversity","tag-drumming","tag-francophone","tag-montreal","tag-music","tag-quebec","tag-toronto"],"yoast_head":"<!-- This site is optimized with the Yoast SEO plugin v27.5 - https:\/\/yoast.com\/product\/yoast-seo-wordpress\/ -->\n<title>Diversit\u00e9 en Sc\u00e8ne - 22 f\u00e9v &amp; 22 mars -<\/title>\n<meta name=\"description\" content=\"Afrique Nouvelle Musique pr\u00e9sente Diversit\u00e9 en Sc\u00e8ne. Africa New Music presents Diversit\u00e9 en Sc\u00e8ne.\" \/>\n<meta name=\"robots\" content=\"index, follow, max-snippet:-1, max-image-preview:large, max-video-preview:-1\" \/>\n<link rel=\"canonical\" href=\"https:\/\/www.afriquenouvellemusique.org\/site\/fr\/eventscat\/diversite-en-scene-feb-22-mar-22-2025\/\" \/>\n<meta property=\"og:locale\" content=\"fr_FR\" \/>\n<meta property=\"og:type\" content=\"article\" \/>\n<meta property=\"og:title\" content=\"Canada Oy\u00e9 with Ac\u00e9tate - Jun 29, 2024\" \/>\n<meta property=\"og:description\" content=\"Afrique Nouvelle Musique pr\u00e9sente le groupe Ac\u00e9tate. Afrique Nouvelle Musique presents Ac\u00e9tate.\" \/>\n<meta property=\"og:url\" content=\"https:\/\/www.afriquenouvellemusique.org\/site\/fr\/eventscat\/diversite-en-scene-feb-22-mar-22-2025\/\" \/>\n<meta property=\"article:publisher\" content=\"https:\/\/www.facebook.com\/AfriqueNM\" \/>\n<meta property=\"article:published_time\" content=\"2025-01-25T11:27:00+00:00\" \/>\n<meta property=\"article:modified_time\" content=\"2025-07-20T11:42:09+00:00\" \/>\n<meta property=\"og:image\" content=\"https:\/\/www.afriquenouvellemusique.org\/site\/wp-content\/uploads\/2024\/06\/CanadaOyeJun24-sm-scaled.jpg\" \/>\n\t<meta property=\"og:image:width\" content=\"2560\" \/>\n\t<meta property=\"og:image:height\" content=\"1039\" \/>\n\t<meta property=\"og:image:type\" content=\"image\/jpeg\" \/>\n<meta name=\"author\" content=\"admin\" \/>\n<meta name=\"twitter:card\" content=\"summary_large_image\" \/>\n<meta name=\"twitter:label1\" content=\"\u00c9crit par\" \/>\n\t<meta name=\"twitter:data1\" content=\"admin\" \/>\n\t<meta name=\"twitter:label2\" content=\"Dur\u00e9e de lecture estim\u00e9e\" \/>\n\t<meta name=\"twitter:data2\" content=\"2 minutes\" \/>\n<script type=\"application\/ld+json\" class=\"yoast-schema-graph\">{\"@context\":\"https:\\\/\\\/schema.org\",\"@graph\":[{\"@type\":\"Article\",\"@id\":\"https:\\\/\\\/www.afriquenouvellemusique.org\\\/site\\\/fr\\\/eventscat\\\/diversite-en-scene-feb-22-mar-22-2025\\\/#article\",\"isPartOf\":{\"@id\":\"https:\\\/\\\/www.afriquenouvellemusique.org\\\/site\\\/fr\\\/eventscat\\\/diversite-en-scene-feb-22-mar-22-2025\\\/\"},\"author\":{\"name\":\"admin\",\"@id\":\"https:\\\/\\\/www.afriquenouvellemusique.org\\\/site\\\/fr\\\/#\\\/schema\\\/person\\\/0e0e29ca3c0c70d80e07abb3472ef056\"},\"headline\":\"Diversit\u00e9 en Sc\u00e8ne &#8211; 22 f\u00e9v &#038; 22 mars\",\"datePublished\":\"2025-01-25T11:27:00+00:00\",\"dateModified\":\"2025-07-20T11:42:09+00:00\",\"mainEntityOfPage\":{\"@id\":\"https:\\\/\\\/www.afriquenouvellemusique.org\\\/site\\\/fr\\\/eventscat\\\/diversite-en-scene-feb-22-mar-22-2025\\\/\"},\"wordCount\":344,\"publisher\":{\"@id\":\"https:\\\/\\\/www.afriquenouvellemusique.org\\\/site\\\/fr\\\/#organization\"},\"image\":{\"@id\":\"https:\\\/\\\/www.afriquenouvellemusique.org\\\/site\\\/fr\\\/eventscat\\\/diversite-en-scene-feb-22-mar-22-2025\\\/#primaryimage\"},\"thumbnailUrl\":\"https:\\\/\\\/www.afriquenouvellemusique.org\\\/site\\\/wp-content\\\/uploads\\\/2025\\\/01\\\/DiversiteFeb25.jpg\",\"keywords\":[\"africa\",\"africa new music\",\"african\",\"afrique nouvelle musique\",\"canada\",\"culture\",\"diversity\",\"drumming\",\"francophone\",\"montreal\",\"MUSIC\",\"quebec\",\"toronto\"],\"articleSection\":[\"\u00c9v\u00e9nements\",\"\u00c9v\u00e9nements Pass\u00e9s\"],\"inLanguage\":\"fr-FR\"},{\"@type\":\"WebPage\",\"@id\":\"https:\\\/\\\/www.afriquenouvellemusique.org\\\/site\\\/fr\\\/eventscat\\\/diversite-en-scene-feb-22-mar-22-2025\\\/\",\"url\":\"https:\\\/\\\/www.afriquenouvellemusique.org\\\/site\\\/fr\\\/eventscat\\\/diversite-en-scene-feb-22-mar-22-2025\\\/\",\"name\":\"Diversit\u00e9 en Sc\u00e8ne - 22 f\u00e9v & 22 mars -\",\"isPartOf\":{\"@id\":\"https:\\\/\\\/www.afriquenouvellemusique.org\\\/site\\\/fr\\\/#website\"},\"primaryImageOfPage\":{\"@id\":\"https:\\\/\\\/www.afriquenouvellemusique.org\\\/site\\\/fr\\\/eventscat\\\/diversite-en-scene-feb-22-mar-22-2025\\\/#primaryimage\"},\"image\":{\"@id\":\"https:\\\/\\\/www.afriquenouvellemusique.org\\\/site\\\/fr\\\/eventscat\\\/diversite-en-scene-feb-22-mar-22-2025\\\/#primaryimage\"},\"thumbnailUrl\":\"https:\\\/\\\/www.afriquenouvellemusique.org\\\/site\\\/wp-content\\\/uploads\\\/2025\\\/01\\\/DiversiteFeb25.jpg\",\"datePublished\":\"2025-01-25T11:27:00+00:00\",\"dateModified\":\"2025-07-20T11:42:09+00:00\",\"description\":\"Afrique Nouvelle Musique pr\u00e9sente Diversit\u00e9 en Sc\u00e8ne. Africa New Music presents Diversit\u00e9 en Sc\u00e8ne.\",\"breadcrumb\":{\"@id\":\"https:\\\/\\\/www.afriquenouvellemusique.org\\\/site\\\/fr\\\/eventscat\\\/diversite-en-scene-feb-22-mar-22-2025\\\/#breadcrumb\"},\"inLanguage\":\"fr-FR\",\"potentialAction\":[{\"@type\":\"ReadAction\",\"target\":[[\"https:\\\/\\\/www.afriquenouvellemusique.org\\\/site\\\/fr\\\/eventscat\\\/diversite-en-scene-feb-22-mar-22-2025\\\/\"]]}]},{\"@type\":\"ImageObject\",\"inLanguage\":\"fr-FR\",\"@id\":\"https:\\\/\\\/www.afriquenouvellemusique.org\\\/site\\\/fr\\\/eventscat\\\/diversite-en-scene-feb-22-mar-22-2025\\\/#primaryimage\",\"url\":\"https:\\\/\\\/www.afriquenouvellemusique.org\\\/site\\\/wp-content\\\/uploads\\\/2025\\\/01\\\/DiversiteFeb25.jpg\",\"contentUrl\":\"https:\\\/\\\/www.afriquenouvellemusique.org\\\/site\\\/wp-content\\\/uploads\\\/2025\\\/01\\\/DiversiteFeb25.jpg\",\"width\":1800,\"height\":1800,\"caption\":\"afrique nouvelle musique africa new music toronto canada art arts african congo congolese arthur tongo thomas tumbu festival bana y'afrique francophone culture diversity\"},{\"@type\":\"BreadcrumbList\",\"@id\":\"https:\\\/\\\/www.afriquenouvellemusique.org\\\/site\\\/fr\\\/eventscat\\\/diversite-en-scene-feb-22-mar-22-2025\\\/#breadcrumb\",\"itemListElement\":[{\"@type\":\"ListItem\",\"position\":1,\"name\":\"Home\",\"item\":\"https:\\\/\\\/www.afriquenouvellemusique.org\\\/site\\\/fr\\\/\"},{\"@type\":\"ListItem\",\"position\":2,\"name\":\"Diversit\u00e9 en Sc\u00e8ne &#8211; 22 f\u00e9v &#038; 22 mars\"}]},{\"@type\":\"WebSite\",\"@id\":\"https:\\\/\\\/www.afriquenouvellemusique.org\\\/site\\\/fr\\\/#website\",\"url\":\"https:\\\/\\\/www.afriquenouvellemusique.org\\\/site\\\/fr\\\/\",\"name\":\"\",\"description\":\"\",\"publisher\":{\"@id\":\"https:\\\/\\\/www.afriquenouvellemusique.org\\\/site\\\/fr\\\/#organization\"},\"potentialAction\":[{\"@type\":\"SearchAction\",\"target\":{\"@type\":\"EntryPoint\",\"urlTemplate\":\"https:\\\/\\\/www.afriquenouvellemusique.org\\\/site\\\/fr\\\/?s={search_term_string}\"},\"query-input\":{\"@type\":\"PropertyValueSpecification\",\"valueRequired\":true,\"valueName\":\"search_term_string\"}}],\"inLanguage\":\"fr-FR\"},{\"@type\":\"Organization\",\"@id\":\"https:\\\/\\\/www.afriquenouvellemusique.org\\\/site\\\/fr\\\/#organization\",\"name\":\"Afrique Nouvelle Musique\",\"url\":\"https:\\\/\\\/www.afriquenouvellemusique.org\\\/site\\\/fr\\\/\",\"logo\":{\"@type\":\"ImageObject\",\"inLanguage\":\"fr-FR\",\"@id\":\"https:\\\/\\\/www.afriquenouvellemusique.org\\\/site\\\/fr\\\/#\\\/schema\\\/logo\\\/image\\\/\",\"url\":\"http:\\\/\\\/www.afriquenouvellemusique.org\\\/site\\\/wp-content\\\/uploads\\\/2020\\\/06\\\/logo.png\",\"contentUrl\":\"http:\\\/\\\/www.afriquenouvellemusique.org\\\/site\\\/wp-content\\\/uploads\\\/2020\\\/06\\\/logo.png\",\"width\":1663,\"height\":1749,\"caption\":\"Afrique Nouvelle Musique\"},\"image\":{\"@id\":\"https:\\\/\\\/www.afriquenouvellemusique.org\\\/site\\\/fr\\\/#\\\/schema\\\/logo\\\/image\\\/\"},\"sameAs\":[\"https:\\\/\\\/www.facebook.com\\\/AfriqueNM\"]},{\"@type\":\"Person\",\"@id\":\"https:\\\/\\\/www.afriquenouvellemusique.org\\\/site\\\/fr\\\/#\\\/schema\\\/person\\\/0e0e29ca3c0c70d80e07abb3472ef056\",\"name\":\"admin\",\"image\":{\"@type\":\"ImageObject\",\"inLanguage\":\"fr-FR\",\"@id\":\"https:\\\/\\\/secure.gravatar.com\\\/avatar\\\/93c5782cae0bb4e9f2019dc7b10f9b8e2db9a6e121cfd8e3c0d053a601fcc21b?s=96&d=mm&r=g\",\"url\":\"https:\\\/\\\/secure.gravatar.com\\\/avatar\\\/93c5782cae0bb4e9f2019dc7b10f9b8e2db9a6e121cfd8e3c0d053a601fcc21b?s=96&d=mm&r=g\",\"contentUrl\":\"https:\\\/\\\/secure.gravatar.com\\\/avatar\\\/93c5782cae0bb4e9f2019dc7b10f9b8e2db9a6e121cfd8e3c0d053a601fcc21b?s=96&d=mm&r=g\",\"caption\":\"admin\"},\"sameAs\":[\"http:\\\/\\\/www.afriquenouvellemusique.org\\\/site\"],\"url\":\"https:\\\/\\\/www.afriquenouvellemusique.org\\\/site\\\/fr\\\/author\\\/admin\\\/\"}]}<\/script>\n<!-- \/ Yoast SEO plugin. -->","yoast_head_json":{"title":"Diversit\u00e9 en Sc\u00e8ne - 22 f\u00e9v & 22 mars -","description":"Afrique Nouvelle Musique pr\u00e9sente Diversit\u00e9 en Sc\u00e8ne. Africa New Music presents Diversit\u00e9 en Sc\u00e8ne.","robots":{"index":"index","follow":"follow","max-snippet":"max-snippet:-1","max-image-preview":"max-image-preview:large","max-video-preview":"max-video-preview:-1"},"canonical":"https:\/\/www.afriquenouvellemusique.org\/site\/fr\/eventscat\/diversite-en-scene-feb-22-mar-22-2025\/","og_locale":"fr_FR","og_type":"article","og_title":"Canada Oy\u00e9 with Ac\u00e9tate - Jun 29, 2024","og_description":"Afrique Nouvelle Musique pr\u00e9sente le groupe Ac\u00e9tate. Afrique Nouvelle Musique presents Ac\u00e9tate.","og_url":"https:\/\/www.afriquenouvellemusique.org\/site\/fr\/eventscat\/diversite-en-scene-feb-22-mar-22-2025\/","article_publisher":"https:\/\/www.facebook.com\/AfriqueNM","article_published_time":"2025-01-25T11:27:00+00:00","article_modified_time":"2025-07-20T11:42:09+00:00","og_image":[{"width":2560,"height":1039,"url":"https:\/\/www.afriquenouvellemusique.org\/site\/wp-content\/uploads\/2024\/06\/CanadaOyeJun24-sm-scaled.jpg","type":"image\/jpeg"}],"author":"admin","twitter_card":"summary_large_image","twitter_misc":{"\u00c9crit par":"admin","Dur\u00e9e de lecture estim\u00e9e":"2 minutes"},"schema":{"@context":"https:\/\/schema.org","@graph":[{"@type":"Article","@id":"https:\/\/www.afriquenouvellemusique.org\/site\/fr\/eventscat\/diversite-en-scene-feb-22-mar-22-2025\/#article","isPartOf":{"@id":"https:\/\/www.afriquenouvellemusique.org\/site\/fr\/eventscat\/diversite-en-scene-feb-22-mar-22-2025\/"},"author":{"name":"admin","@id":"https:\/\/www.afriquenouvellemusique.org\/site\/fr\/#\/schema\/person\/0e0e29ca3c0c70d80e07abb3472ef056"},"headline":"Diversit\u00e9 en Sc\u00e8ne &#8211; 22 f\u00e9v &#038; 22 mars","datePublished":"2025-01-25T11:27:00+00:00","dateModified":"2025-07-20T11:42:09+00:00","mainEntityOfPage":{"@id":"https:\/\/www.afriquenouvellemusique.org\/site\/fr\/eventscat\/diversite-en-scene-feb-22-mar-22-2025\/"},"wordCount":344,"publisher":{"@id":"https:\/\/www.afriquenouvellemusique.org\/site\/fr\/#organization"},"image":{"@id":"https:\/\/www.afriquenouvellemusique.org\/site\/fr\/eventscat\/diversite-en-scene-feb-22-mar-22-2025\/#primaryimage"},"thumbnailUrl":"https:\/\/www.afriquenouvellemusique.org\/site\/wp-content\/uploads\/2025\/01\/DiversiteFeb25.jpg","keywords":["africa","africa new music","african","afrique nouvelle musique","canada","culture","diversity","drumming","francophone","montreal","MUSIC","quebec","toronto"],"articleSection":["\u00c9v\u00e9nements","\u00c9v\u00e9nements Pass\u00e9s"],"inLanguage":"fr-FR"},{"@type":"WebPage","@id":"https:\/\/www.afriquenouvellemusique.org\/site\/fr\/eventscat\/diversite-en-scene-feb-22-mar-22-2025\/","url":"https:\/\/www.afriquenouvellemusique.org\/site\/fr\/eventscat\/diversite-en-scene-feb-22-mar-22-2025\/","name":"Diversit\u00e9 en Sc\u00e8ne - 22 f\u00e9v & 22 mars -","isPartOf":{"@id":"https:\/\/www.afriquenouvellemusique.org\/site\/fr\/#website"},"primaryImageOfPage":{"@id":"https:\/\/www.afriquenouvellemusique.org\/site\/fr\/eventscat\/diversite-en-scene-feb-22-mar-22-2025\/#primaryimage"},"image":{"@id":"https:\/\/www.afriquenouvellemusique.org\/site\/fr\/eventscat\/diversite-en-scene-feb-22-mar-22-2025\/#primaryimage"},"thumbnailUrl":"https:\/\/www.afriquenouvellemusique.org\/site\/wp-content\/uploads\/2025\/01\/DiversiteFeb25.jpg","datePublished":"2025-01-25T11:27:00+00:00","dateModified":"2025-07-20T11:42:09+00:00","description":"Afrique Nouvelle Musique pr\u00e9sente Diversit\u00e9 en Sc\u00e8ne. Africa New Music presents Diversit\u00e9 en Sc\u00e8ne.","breadcrumb":{"@id":"https:\/\/www.afriquenouvellemusique.org\/site\/fr\/eventscat\/diversite-en-scene-feb-22-mar-22-2025\/#breadcrumb"},"inLanguage":"fr-FR","potentialAction":[{"@type":"ReadAction","target":[["https:\/\/www.afriquenouvellemusique.org\/site\/fr\/eventscat\/diversite-en-scene-feb-22-mar-22-2025\/"]]}]},{"@type":"ImageObject","inLanguage":"fr-FR","@id":"https:\/\/www.afriquenouvellemusique.org\/site\/fr\/eventscat\/diversite-en-scene-feb-22-mar-22-2025\/#primaryimage","url":"https:\/\/www.afriquenouvellemusique.org\/site\/wp-content\/uploads\/2025\/01\/DiversiteFeb25.jpg","contentUrl":"https:\/\/www.afriquenouvellemusique.org\/site\/wp-content\/uploads\/2025\/01\/DiversiteFeb25.jpg","width":1800,"height":1800,"caption":"afrique nouvelle musique africa new music toronto canada art arts african congo congolese arthur tongo thomas tumbu festival bana y'afrique francophone culture diversity"},{"@type":"BreadcrumbList","@id":"https:\/\/www.afriquenouvellemusique.org\/site\/fr\/eventscat\/diversite-en-scene-feb-22-mar-22-2025\/#breadcrumb","itemListElement":[{"@type":"ListItem","position":1,"name":"Home","item":"https:\/\/www.afriquenouvellemusique.org\/site\/fr\/"},{"@type":"ListItem","position":2,"name":"Diversit\u00e9 en Sc\u00e8ne &#8211; 22 f\u00e9v &#038; 22 mars"}]},{"@type":"WebSite","@id":"https:\/\/www.afriquenouvellemusique.org\/site\/fr\/#website","url":"https:\/\/www.afriquenouvellemusique.org\/site\/fr\/","name":"","description":"","publisher":{"@id":"https:\/\/www.afriquenouvellemusique.org\/site\/fr\/#organization"},"potentialAction":[{"@type":"SearchAction","target":{"@type":"EntryPoint","urlTemplate":"https:\/\/www.afriquenouvellemusique.org\/site\/fr\/?s={search_term_string}"},"query-input":{"@type":"PropertyValueSpecification","valueRequired":true,"valueName":"search_term_string"}}],"inLanguage":"fr-FR"},{"@type":"Organization","@id":"https:\/\/www.afriquenouvellemusique.org\/site\/fr\/#organization","name":"Afrique Nouvelle Musique","url":"https:\/\/www.afriquenouvellemusique.org\/site\/fr\/","logo":{"@type":"ImageObject","inLanguage":"fr-FR","@id":"https:\/\/www.afriquenouvellemusique.org\/site\/fr\/#\/schema\/logo\/image\/","url":"http:\/\/www.afriquenouvellemusique.org\/site\/wp-content\/uploads\/2020\/06\/logo.png","contentUrl":"http:\/\/www.afriquenouvellemusique.org\/site\/wp-content\/uploads\/2020\/06\/logo.png","width":1663,"height":1749,"caption":"Afrique Nouvelle Musique"},"image":{"@id":"https:\/\/www.afriquenouvellemusique.org\/site\/fr\/#\/schema\/logo\/image\/"},"sameAs":["https:\/\/www.facebook.com\/AfriqueNM"]},{"@type":"Person","@id":"https:\/\/www.afriquenouvellemusique.org\/site\/fr\/#\/schema\/person\/0e0e29ca3c0c70d80e07abb3472ef056","name":"admin","image":{"@type":"ImageObject","inLanguage":"fr-FR","@id":"https:\/\/secure.gravatar.com\/avatar\/93c5782cae0bb4e9f2019dc7b10f9b8e2db9a6e121cfd8e3c0d053a601fcc21b?s=96&d=mm&r=g","url":"https:\/\/secure.gravatar.com\/avatar\/93c5782cae0bb4e9f2019dc7b10f9b8e2db9a6e121cfd8e3c0d053a601fcc21b?s=96&d=mm&r=g","contentUrl":"https:\/\/secure.gravatar.com\/avatar\/93c5782cae0bb4e9f2019dc7b10f9b8e2db9a6e121cfd8e3c0d053a601fcc21b?s=96&d=mm&r=g","caption":"admin"},"sameAs":["http:\/\/www.afriquenouvellemusique.org\/site"],"url":"https:\/\/www.afriquenouvellemusique.org\/site\/fr\/author\/admin\/"}]}},"_links":{"self":[{"href":"https:\/\/www.afriquenouvellemusique.org\/site\/fr\/wp-json\/wp\/v2\/posts\/5199","targetHints":{"allow":["GET"]}}],"collection":[{"href":"https:\/\/www.afriquenouvellemusique.org\/site\/fr\/wp-json\/wp\/v2\/posts"}],"about":[{"href":"https:\/\/www.afriquenouvellemusique.org\/site\/fr\/wp-json\/wp\/v2\/types\/post"}],"author":[{"embeddable":true,"href":"https:\/\/www.afriquenouvellemusique.org\/site\/fr\/wp-json\/wp\/v2\/users\/1"}],"replies":[{"embeddable":true,"href":"https:\/\/www.afriquenouvellemusique.org\/site\/fr\/wp-json\/wp\/v2\/comments?post=5199"}],"version-history":[{"count":17,"href":"https:\/\/www.afriquenouvellemusique.org\/site\/fr\/wp-json\/wp\/v2\/posts\/5199\/revisions"}],"predecessor-version":[{"id":5261,"href":"https:\/\/www.afriquenouvellemusique.org\/site\/fr\/wp-json\/wp\/v2\/posts\/5199\/revisions\/5261"}],"wp:featuredmedia":[{"embeddable":true,"href":"https:\/\/www.afriquenouvellemusique.org\/site\/fr\/wp-json\/wp\/v2\/media\/5200"}],"wp:attachment":[{"href":"https:\/\/www.afriquenouvellemusique.org\/site\/fr\/wp-json\/wp\/v2\/media?parent=5199"}],"wp:term":[{"taxonomy":"category","embeddable":true,"href":"https:\/\/www.afriquenouvellemusique.org\/site\/fr\/wp-json\/wp\/v2\/categories?post=5199"},{"taxonomy":"post_tag","embeddable":true,"href":"https:\/\/www.afriquenouvellemusique.org\/site\/fr\/wp-json\/wp\/v2\/tags?post=5199"}],"curies":[{"name":"wp","href":"https:\/\/api.w.org\/{rel}","templated":true}]}}