{"id":4546,"date":"2022-11-28T18:05:27","date_gmt":"2022-11-28T18:05:27","guid":{"rendered":"http:\/\/www.afriquenouvellemusique.org\/site\/?p=4546"},"modified":"2022-12-01T18:00:02","modified_gmt":"2022-12-01T18:00:02","slug":"featured-artist-hassan-el-hadi","status":"publish","type":"post","link":"https:\/\/www.afriquenouvellemusique.org\/site\/fr\/artists\/featured-artist-hassan-el-hadi\/","title":{"rendered":"Artiste en Vedette: Hassan El Hadi"},"content":{"rendered":"\t\t<div data-elementor-type=\"wp-post\" data-elementor-id=\"4546\" class=\"elementor elementor-4546\">\n\t\t\t\t\t\t<section class=\"elementor-section elementor-top-section elementor-element elementor-element-b29f8ac elementor-section-boxed elementor-section-height-default elementor-section-height-default\" data-id=\"b29f8ac\" data-element_type=\"section\" data-e-type=\"section\">\n\t\t\t\t\t\t<div class=\"elementor-container elementor-column-gap-default\">\n\t\t\t\t\t<div class=\"elementor-column elementor-col-50 elementor-top-column elementor-element elementor-element-b68a153\" data-id=\"b68a153\" data-element_type=\"column\" data-e-type=\"column\">\n\t\t\t<div class=\"elementor-widget-wrap elementor-element-populated\">\n\t\t\t\t\t\t<div class=\"elementor-element elementor-element-85f0d6d elementor-widget elementor-widget-shortcode\" data-id=\"85f0d6d\" data-element_type=\"widget\" data-e-type=\"widget\" data-widget_type=\"shortcode.default\">\n\t\t\t\t<div class=\"elementor-widget-container\">\n\t\t\t\t\t\t\t<div class=\"elementor-shortcode\"><iframe  id=\"_ytid_41378\"  width=\"1170\" height=\"658\"  data-origwidth=\"1170\" data-origheight=\"658\" src=\"https:\/\/www.youtube.com\/embed\/OtSLxTFcJNs?enablejsapi=1&autoplay=0&cc_load_policy=0&cc_lang_pref=&iv_load_policy=1&loop=0&rel=1&fs=1&playsinline=0&autohide=2&theme=dark&color=red&controls=1&disablekb=0&\" class=\"__youtube_prefs__  no-lazyload\" title=\"YouTube player\"  allow=\"fullscreen; accelerometer; autoplay; clipboard-write; encrypted-media; gyroscope; picture-in-picture; web-share\" referrerpolicy=\"strict-origin-when-cross-origin\" allowfullscreen data-no-lazy=\"1\" data-skipgform_ajax_framebjll=\"\"><\/iframe><\/div>\n\t\t\t\t\t\t<\/div>\n\t\t\t\t<\/div>\n\t\t\t\t\t<\/div>\n\t\t<\/div>\n\t\t\t\t<div class=\"elementor-column elementor-col-50 elementor-top-column elementor-element elementor-element-18fdd83\" data-id=\"18fdd83\" data-element_type=\"column\" data-e-type=\"column\">\n\t\t\t<div class=\"elementor-widget-wrap elementor-element-populated\">\n\t\t\t\t\t\t<div class=\"elementor-element elementor-element-b46a839 elementor-widget elementor-widget-shortcode\" data-id=\"b46a839\" data-element_type=\"widget\" data-e-type=\"widget\" data-widget_type=\"shortcode.default\">\n\t\t\t\t<div class=\"elementor-widget-container\">\n\t\t\t\t\t\t\t<div class=\"elementor-shortcode\"><iframe  id=\"_ytid_77317\"  width=\"1170\" height=\"658\"  data-origwidth=\"1170\" data-origheight=\"658\" src=\"https:\/\/www.youtube.com\/embed\/uRVIi3ia4D8?enablejsapi=1&autoplay=0&cc_load_policy=0&cc_lang_pref=&iv_load_policy=1&loop=0&rel=1&fs=1&playsinline=0&autohide=2&theme=dark&color=red&controls=1&disablekb=0&\" class=\"__youtube_prefs__  no-lazyload\" title=\"YouTube player\"  allow=\"fullscreen; accelerometer; autoplay; clipboard-write; encrypted-media; gyroscope; picture-in-picture; web-share\" referrerpolicy=\"strict-origin-when-cross-origin\" allowfullscreen data-no-lazy=\"1\" data-skipgform_ajax_framebjll=\"\"><\/iframe><\/div>\n\t\t\t\t\t\t<\/div>\n\t\t\t\t<\/div>\n\t\t\t\t\t<\/div>\n\t\t<\/div>\n\t\t\t\t\t<\/div>\n\t\t<\/section>\n\t\t\t\t<section class=\"elementor-section elementor-top-section elementor-element elementor-element-0f8f905 elementor-section-boxed elementor-section-height-default elementor-section-height-default\" data-id=\"0f8f905\" data-element_type=\"section\" data-e-type=\"section\">\n\t\t\t\t\t\t<div class=\"elementor-container elementor-column-gap-default\">\n\t\t\t\t\t<div class=\"elementor-column elementor-col-100 elementor-top-column elementor-element elementor-element-d6c513b\" data-id=\"d6c513b\" data-element_type=\"column\" data-e-type=\"column\">\n\t\t\t<div class=\"elementor-widget-wrap elementor-element-populated\">\n\t\t\t\t\t\t<div class=\"elementor-element elementor-element-a1b075e elementor-widget elementor-widget-text-editor\" data-id=\"a1b075e\" data-element_type=\"widget\" data-e-type=\"widget\" data-widget_type=\"text-editor.default\">\n\t\t\t\t<div class=\"elementor-widget-container\">\n\t\t\t\t\t\t\t\t\t<p><img fetchpriority=\"high\" decoding=\"async\" class=\"alignleft wp-image-4553\" src=\"http:\/\/www.afriquenouvellemusique.org\/site\/wp-content\/uploads\/2022\/11\/HassanElHadi3-200x300.jpg\" alt=\"afrique nouvelle musique africa new music toronto canada art arts african congo congolese arthur tongo thomas tumbu festival bana y'afrique hassan el hadi morocco moroccan gnawa\" width=\"400\" height=\"600\" srcset=\"https:\/\/www.afriquenouvellemusique.org\/site\/wp-content\/uploads\/2022\/11\/HassanElHadi3-200x300.jpg 200w, https:\/\/www.afriquenouvellemusique.org\/site\/wp-content\/uploads\/2022\/11\/HassanElHadi3-683x1024.jpg 683w, https:\/\/www.afriquenouvellemusique.org\/site\/wp-content\/uploads\/2022\/11\/HassanElHadi3-768x1152.jpg 768w, https:\/\/www.afriquenouvellemusique.org\/site\/wp-content\/uploads\/2022\/11\/HassanElHadi3-1024x1536.jpg 1024w, https:\/\/www.afriquenouvellemusique.org\/site\/wp-content\/uploads\/2022\/11\/HassanElHadi3-1000x1500.jpg 1000w, https:\/\/www.afriquenouvellemusique.org\/site\/wp-content\/uploads\/2022\/11\/HassanElHadi3-230x345.jpg 230w, https:\/\/www.afriquenouvellemusique.org\/site\/wp-content\/uploads\/2022\/11\/HassanElHadi3-350x525.jpg 350w, https:\/\/www.afriquenouvellemusique.org\/site\/wp-content\/uploads\/2022\/11\/HassanElHadi3-480x720.jpg 480w, https:\/\/www.afriquenouvellemusique.org\/site\/wp-content\/uploads\/2022\/11\/HassanElHadi3.jpg 1200w\" sizes=\"(max-width: 400px) 100vw, 400px\" \/>Hassan El Hadi Auteur, compositeur, chanteur, oudiste, banjo\u00efste et percussionniste. Originaire de Marrakech, Maroc o\u00f9 se m\u00eale toute la diversit\u00e9 de la musique marocaine berb\u00e8re, j\u2019ai grandi sous l\u2019influence des rythmes m\u00e9lodiques de la place Jemaa el Fna et de nombreuses c\u00e9r\u00e9monies et festivit\u00e9s locales. Je suis aussi l\u2019un des rares artistes venus d\u2019ailleurs \u00ab qui soufflent le plus fort sur le traditionnel franco-canadien, se permettant d\u2019improviser dans les turluttes et de faire swinguer en fran\u00e7ais et en amazigh. \u00c0 tout cela, j&rsquo;int\u00e8gre les harmonies du jazz, les rythmes berb\u00e8res, la finesse des musiques arabes et andalouses. Dans son genre, il est un cas unique. \u00bb (Yves Bernard, Le Devoir).<\/p><p>Avec mes albums Salam Qu\u00e9bec et Maroc&rsquo;N Reel, je r\u00e9affirme ma capacit\u00e9 \u00e0 marier les traditions musicales enracin\u00e9es en Afrique du Nord aux sonorit\u00e9s de Canada fran\u00e7ais. Je m&rsquo;int\u00e9resse depuis longtemps aux cultures traditionnelle autochtones berb\u00e8res et gnawi. Depuis plusieurs ann\u00e9es d\u00e9j\u00e0, j&rsquo;ai c\u00f4toy\u00e9 des communaut\u00e9s berb\u00e8res et des maallems gnawis du Marrakech, Je collabore d\u00e9j\u00e0 depuis plus que 10 ans avec le c\u00e9l\u00e8bre Maallem Hassan Hakmun, Rachid Salamat , Hassan Boussou et autres pour cr\u00e9er des spectacles fusion et m\u00e9tissage autour des chants traditionnel gnawi et autour de la musique arabo berb\u00e8re.<\/p><p>En compagnie de plusieurs artistes d\u2019origines diverses : celtiques, qu\u00e9b\u00e9cois , Africaines et espagnoles, des musiciens comme le multi-instrumentiste Billy Boulet, virtuose \u00e9clectique des instruments \u00e0 vent, la fameuse percussionniste iranienne Naghmeh Farahmand, le bassiste de Ghana Dally Dominic et le virtuose Nicolas Pellerin El Hadi pousse l\u2019exploration plus loin en fusionnant les sonorit\u00e9s des musiques celtiques et la podorythmie celtique avec celles des musiques marocaines traditionnelle gnawi et amazigh. Ensemble, ils font se m\u00ealer et dialoguer les cultures arabo-andalouse, celtiques pour en d\u00e9gager une musique originale et festive qui prend sa source dans les influences infinies et diverses du Maghreb, de l\u2019Afrique du Nord et des pays Celtes.<\/p>\t\t\t\t\t\t\t\t<\/div>\n\t\t\t\t<\/div>\n\t\t\t\t\t<\/div>\n\t\t<\/div>\n\t\t\t\t\t<\/div>\n\t\t<\/section>\n\t\t\t\t<section class=\"elementor-section elementor-top-section elementor-element elementor-element-3c9580e elementor-section-boxed elementor-section-height-default elementor-section-height-default\" data-id=\"3c9580e\" data-element_type=\"section\" data-e-type=\"section\">\n\t\t\t\t\t\t<div class=\"elementor-container elementor-column-gap-default\">\n\t\t\t\t\t<div class=\"elementor-column elementor-col-100 elementor-top-column elementor-element elementor-element-852bc45\" data-id=\"852bc45\" data-element_type=\"column\" data-e-type=\"column\">\n\t\t\t<div class=\"elementor-widget-wrap elementor-element-populated\">\n\t\t\t\t\t\t<div class=\"elementor-element elementor-element-b3df5ff elementor-widget elementor-widget-image-gallery\" data-id=\"b3df5ff\" data-element_type=\"widget\" data-e-type=\"widget\" data-widget_type=\"image-gallery.default\">\n\t\t\t\t<div class=\"elementor-widget-container\">\n\t\t\t\t\t\t\t<div class=\"elementor-image-gallery\">\n\t\t\t<div id='gallery-1' class='gallery galleryid-4546 gallery-columns-4 gallery-size-sow-carousel-default'><figure class='gallery-item'>\n\t\t\t<div class='gallery-icon portrait'>\n\t\t\t\t<a data-elementor-open-lightbox=\"yes\" data-elementor-lightbox-slideshow=\"b3df5ff\" data-elementor-lightbox-title=\"HassanElHadi1\" data-e-action-hash=\"#elementor-action%3Aaction%3Dlightbox%26settings%3DeyJpZCI6NDU1MiwidXJsIjoiaHR0cHM6XC9cL3d3dy5hZnJpcXVlbm91dmVsbGVtdXNpcXVlLm9yZ1wvc2l0ZVwvd3AtY29udGVudFwvdXBsb2Fkc1wvMjAyMlwvMTFcL0hhc3NhbkVsSGFkaTEuanBnIiwic2xpZGVzaG93IjoiYjNkZjVmZiJ9\" href='https:\/\/www.afriquenouvellemusique.org\/site\/wp-content\/uploads\/2022\/11\/HassanElHadi1.jpg'><img decoding=\"async\" width=\"272\" height=\"182\" src=\"https:\/\/www.afriquenouvellemusique.org\/site\/wp-content\/uploads\/2022\/11\/HassanElHadi1-272x182.jpg\" class=\"attachment-sow-carousel-default size-sow-carousel-default\" alt=\"afrique nouvelle musique africa new music toronto canada art arts african congo congolese arthur tongo thomas tumbu festival bana y&#039;afrique hassan el hadi morocco moroccan gnawa\" \/><\/a>\n\t\t\t<\/div><\/figure><figure class='gallery-item'>\n\t\t\t<div class='gallery-icon portrait'>\n\t\t\t\t<a data-elementor-open-lightbox=\"yes\" data-elementor-lightbox-slideshow=\"b3df5ff\" data-elementor-lightbox-title=\"HassanElHadi9\" data-e-action-hash=\"#elementor-action%3Aaction%3Dlightbox%26settings%3DeyJpZCI6NDU1OSwidXJsIjoiaHR0cHM6XC9cL3d3dy5hZnJpcXVlbm91dmVsbGVtdXNpcXVlLm9yZ1wvc2l0ZVwvd3AtY29udGVudFwvdXBsb2Fkc1wvMjAyMlwvMTFcL0hhc3NhbkVsSGFkaTkuanBnIiwic2xpZGVzaG93IjoiYjNkZjVmZiJ9\" href='https:\/\/www.afriquenouvellemusique.org\/site\/wp-content\/uploads\/2022\/11\/HassanElHadi9.jpg'><img decoding=\"async\" width=\"272\" height=\"182\" src=\"https:\/\/www.afriquenouvellemusique.org\/site\/wp-content\/uploads\/2022\/11\/HassanElHadi9-272x182.jpg\" class=\"attachment-sow-carousel-default size-sow-carousel-default\" alt=\"afrique nouvelle musique africa new music toronto canada art arts african congo congolese arthur tongo thomas tumbu festival bana y&#039;afrique hassan el hadi morocco moroccan gnawa\" \/><\/a>\n\t\t\t<\/div><\/figure><figure class='gallery-item'>\n\t\t\t<div class='gallery-icon portrait'>\n\t\t\t\t<a data-elementor-open-lightbox=\"yes\" data-elementor-lightbox-slideshow=\"b3df5ff\" data-elementor-lightbox-title=\"HassanElHadi7\" data-e-action-hash=\"#elementor-action%3Aaction%3Dlightbox%26settings%3DeyJpZCI6NDU1NywidXJsIjoiaHR0cHM6XC9cL3d3dy5hZnJpcXVlbm91dmVsbGVtdXNpcXVlLm9yZ1wvc2l0ZVwvd3AtY29udGVudFwvdXBsb2Fkc1wvMjAyMlwvMTFcL0hhc3NhbkVsSGFkaTcuanBnIiwic2xpZGVzaG93IjoiYjNkZjVmZiJ9\" href='https:\/\/www.afriquenouvellemusique.org\/site\/wp-content\/uploads\/2022\/11\/HassanElHadi7.jpg'><img loading=\"lazy\" decoding=\"async\" width=\"272\" height=\"182\" src=\"https:\/\/www.afriquenouvellemusique.org\/site\/wp-content\/uploads\/2022\/11\/HassanElHadi7-272x182.jpg\" class=\"attachment-sow-carousel-default size-sow-carousel-default\" alt=\"afrique nouvelle musique africa new music toronto canada art arts african congo congolese arthur tongo thomas tumbu festival bana y&#039;afrique hassan el hadi morocco moroccan gnawa\" \/><\/a>\n\t\t\t<\/div><\/figure><figure class='gallery-item'>\n\t\t\t<div class='gallery-icon landscape'>\n\t\t\t\t<a data-elementor-open-lightbox=\"yes\" data-elementor-lightbox-slideshow=\"b3df5ff\" data-elementor-lightbox-title=\"HassanElHadi6\" data-e-action-hash=\"#elementor-action%3Aaction%3Dlightbox%26settings%3DeyJpZCI6NDU1NiwidXJsIjoiaHR0cHM6XC9cL3d3dy5hZnJpcXVlbm91dmVsbGVtdXNpcXVlLm9yZ1wvc2l0ZVwvd3AtY29udGVudFwvdXBsb2Fkc1wvMjAyMlwvMTFcL0hhc3NhbkVsSGFkaTYuanBnIiwic2xpZGVzaG93IjoiYjNkZjVmZiJ9\" href='https:\/\/www.afriquenouvellemusique.org\/site\/wp-content\/uploads\/2022\/11\/HassanElHadi6.jpg'><img loading=\"lazy\" decoding=\"async\" width=\"272\" height=\"182\" src=\"https:\/\/www.afriquenouvellemusique.org\/site\/wp-content\/uploads\/2022\/11\/HassanElHadi6-272x182.jpg\" class=\"attachment-sow-carousel-default size-sow-carousel-default\" alt=\"afrique nouvelle musique africa new music toronto canada art arts african congo congolese arthur tongo thomas tumbu festival bana y&#039;afrique hassan el hadi morocco moroccan gnawa\" srcset=\"https:\/\/www.afriquenouvellemusique.org\/site\/wp-content\/uploads\/2022\/11\/HassanElHadi6-272x182.jpg 272w, https:\/\/www.afriquenouvellemusique.org\/site\/wp-content\/uploads\/2022\/11\/HassanElHadi6-300x200.jpg 300w, https:\/\/www.afriquenouvellemusique.org\/site\/wp-content\/uploads\/2022\/11\/HassanElHadi6-768x511.jpg 768w, https:\/\/www.afriquenouvellemusique.org\/site\/wp-content\/uploads\/2022\/11\/HassanElHadi6-230x153.jpg 230w, https:\/\/www.afriquenouvellemusique.org\/site\/wp-content\/uploads\/2022\/11\/HassanElHadi6-350x233.jpg 350w, https:\/\/www.afriquenouvellemusique.org\/site\/wp-content\/uploads\/2022\/11\/HassanElHadi6-480x320.jpg 480w, https:\/\/www.afriquenouvellemusique.org\/site\/wp-content\/uploads\/2022\/11\/HassanElHadi6.jpg 960w\" sizes=\"(max-width: 272px) 100vw, 272px\" \/><\/a>\n\t\t\t<\/div><\/figure><figure class='gallery-item'>\n\t\t\t<div class='gallery-icon portrait'>\n\t\t\t\t<a data-elementor-open-lightbox=\"yes\" data-elementor-lightbox-slideshow=\"b3df5ff\" data-elementor-lightbox-title=\"HassanElHadi\" data-e-action-hash=\"#elementor-action%3Aaction%3Dlightbox%26settings%3DeyJpZCI6NDU1MCwidXJsIjoiaHR0cHM6XC9cL3d3dy5hZnJpcXVlbm91dmVsbGVtdXNpcXVlLm9yZ1wvc2l0ZVwvd3AtY29udGVudFwvdXBsb2Fkc1wvMjAyMlwvMTFcL0hhc3NhbkVsSGFkaS5qcGciLCJzbGlkZXNob3ciOiJiM2RmNWZmIn0%3D\" href='https:\/\/www.afriquenouvellemusique.org\/site\/wp-content\/uploads\/2022\/11\/HassanElHadi.jpg'><img loading=\"lazy\" decoding=\"async\" width=\"272\" height=\"182\" src=\"https:\/\/www.afriquenouvellemusique.org\/site\/wp-content\/uploads\/2022\/11\/HassanElHadi-272x182.jpg\" class=\"attachment-sow-carousel-default size-sow-carousel-default\" alt=\"afrique nouvelle musique africa new music toronto canada art arts african congo congolese arthur tongo thomas tumbu festival bana y&#039;afrique hassan el hadi morocco moroccan gnawa\" \/><\/a>\n\t\t\t<\/div><\/figure><figure class='gallery-item'>\n\t\t\t<div class='gallery-icon landscape'>\n\t\t\t\t<a data-elementor-open-lightbox=\"yes\" data-elementor-lightbox-slideshow=\"b3df5ff\" data-elementor-lightbox-title=\"HassanElHadi8\" data-e-action-hash=\"#elementor-action%3Aaction%3Dlightbox%26settings%3DeyJpZCI6NDU1OCwidXJsIjoiaHR0cHM6XC9cL3d3dy5hZnJpcXVlbm91dmVsbGVtdXNpcXVlLm9yZ1wvc2l0ZVwvd3AtY29udGVudFwvdXBsb2Fkc1wvMjAyMlwvMTFcL0hhc3NhbkVsSGFkaTguanBnIiwic2xpZGVzaG93IjoiYjNkZjVmZiJ9\" href='https:\/\/www.afriquenouvellemusique.org\/site\/wp-content\/uploads\/2022\/11\/HassanElHadi8.jpg'><img loading=\"lazy\" decoding=\"async\" width=\"272\" height=\"182\" src=\"https:\/\/www.afriquenouvellemusique.org\/site\/wp-content\/uploads\/2022\/11\/HassanElHadi8-272x182.jpg\" class=\"attachment-sow-carousel-default size-sow-carousel-default\" alt=\"afrique nouvelle musique africa new music toronto canada art arts african congo congolese arthur tongo thomas tumbu festival bana y&#039;afrique hassan el hadi morocco moroccan gnawa\" \/><\/a>\n\t\t\t<\/div><\/figure><figure class='gallery-item'>\n\t\t\t<div class='gallery-icon landscape'>\n\t\t\t\t<a data-elementor-open-lightbox=\"yes\" data-elementor-lightbox-slideshow=\"b3df5ff\" data-elementor-lightbox-title=\"HassanElHadi5\" data-e-action-hash=\"#elementor-action%3Aaction%3Dlightbox%26settings%3DeyJpZCI6NDU1NSwidXJsIjoiaHR0cHM6XC9cL3d3dy5hZnJpcXVlbm91dmVsbGVtdXNpcXVlLm9yZ1wvc2l0ZVwvd3AtY29udGVudFwvdXBsb2Fkc1wvMjAyMlwvMTFcL0hhc3NhbkVsSGFkaTUuanBnIiwic2xpZGVzaG93IjoiYjNkZjVmZiJ9\" href='https:\/\/www.afriquenouvellemusique.org\/site\/wp-content\/uploads\/2022\/11\/HassanElHadi5.jpg'><img loading=\"lazy\" decoding=\"async\" width=\"272\" height=\"182\" src=\"https:\/\/www.afriquenouvellemusique.org\/site\/wp-content\/uploads\/2022\/11\/HassanElHadi5-272x182.jpg\" class=\"attachment-sow-carousel-default size-sow-carousel-default\" alt=\"afrique nouvelle musique africa new music toronto canada art arts african congo congolese arthur tongo thomas tumbu festival bana y&#039;afrique hassan el hadi morocco moroccan gnawa\" \/><\/a>\n\t\t\t<\/div><\/figure><figure class='gallery-item'>\n\t\t\t<div class='gallery-icon landscape'>\n\t\t\t\t<a data-elementor-open-lightbox=\"yes\" data-elementor-lightbox-slideshow=\"b3df5ff\" data-elementor-lightbox-title=\"HassanElHadi4\" data-e-action-hash=\"#elementor-action%3Aaction%3Dlightbox%26settings%3DeyJpZCI6NDU1NCwidXJsIjoiaHR0cHM6XC9cL3d3dy5hZnJpcXVlbm91dmVsbGVtdXNpcXVlLm9yZ1wvc2l0ZVwvd3AtY29udGVudFwvdXBsb2Fkc1wvMjAyMlwvMTFcL0hhc3NhbkVsSGFkaTQuanBnIiwic2xpZGVzaG93IjoiYjNkZjVmZiJ9\" href='https:\/\/www.afriquenouvellemusique.org\/site\/wp-content\/uploads\/2022\/11\/HassanElHadi4.jpg'><img loading=\"lazy\" decoding=\"async\" width=\"272\" height=\"182\" src=\"https:\/\/www.afriquenouvellemusique.org\/site\/wp-content\/uploads\/2022\/11\/HassanElHadi4-272x182.jpg\" class=\"attachment-sow-carousel-default size-sow-carousel-default\" alt=\"afrique nouvelle musique africa new music toronto canada art arts african congo congolese arthur tongo thomas tumbu festival bana y&#039;afrique hassan el hadi morocco moroccan gnawa\" \/><\/a>\n\t\t\t<\/div><\/figure>\n\t\t<\/div>\n\t\t<\/div>\n\t\t\t\t\t\t<\/div>\n\t\t\t\t<\/div>\n\t\t\t\t\t<\/div>\n\t\t<\/div>\n\t\t\t\t\t<\/div>\n\t\t<\/section>\n\t\t\t\t<section class=\"elementor-section elementor-top-section elementor-element elementor-element-21a1434 elementor-section-boxed elementor-section-height-default elementor-section-height-default\" data-id=\"21a1434\" data-element_type=\"section\" data-e-type=\"section\">\n\t\t\t\t\t\t<div class=\"elementor-container elementor-column-gap-default\">\n\t\t\t\t\t<div class=\"elementor-column elementor-col-50 elementor-top-column elementor-element elementor-element-8dafa40\" data-id=\"8dafa40\" data-element_type=\"column\" data-e-type=\"column\">\n\t\t\t<div class=\"elementor-widget-wrap elementor-element-populated\">\n\t\t\t\t\t\t<div class=\"elementor-element elementor-element-75261b9 elementor-align-center elementor-widget elementor-widget-button\" data-id=\"75261b9\" data-element_type=\"widget\" data-e-type=\"widget\" data-widget_type=\"button.default\">\n\t\t\t\t<div class=\"elementor-widget-container\">\n\t\t\t\t\t\t\t\t\t<div class=\"elementor-button-wrapper\">\n\t\t\t\t\t<a class=\"elementor-button elementor-button-link elementor-size-md\" href=\"https:\/\/www.facebook.com\/hassan.elhadi0\" target=\"_blank\">\n\t\t\t\t\t\t<span class=\"elementor-button-content-wrapper\">\n\t\t\t\t\t\t<span class=\"elementor-button-icon\">\n\t\t\t\t<i aria-hidden=\"true\" class=\"fab fa-facebook-f\"><\/i>\t\t\t<\/span>\n\t\t\t\t\t\t\t\t\t<span class=\"elementor-button-text\">@hassan.elhadi0<\/span>\n\t\t\t\t\t<\/span>\n\t\t\t\t\t<\/a>\n\t\t\t\t<\/div>\n\t\t\t\t\t\t\t\t<\/div>\n\t\t\t\t<\/div>\n\t\t\t\t\t<\/div>\n\t\t<\/div>\n\t\t\t\t<div class=\"elementor-column elementor-col-50 elementor-top-column elementor-element elementor-element-981cac3\" data-id=\"981cac3\" data-element_type=\"column\" data-e-type=\"column\">\n\t\t\t<div class=\"elementor-widget-wrap elementor-element-populated\">\n\t\t\t\t\t\t<div class=\"elementor-element elementor-element-9ae421a elementor-align-center elementor-widget elementor-widget-button\" data-id=\"9ae421a\" data-element_type=\"widget\" data-e-type=\"widget\" data-widget_type=\"button.default\">\n\t\t\t\t<div class=\"elementor-widget-container\">\n\t\t\t\t\t\t\t\t\t<div class=\"elementor-button-wrapper\">\n\t\t\t\t\t<a class=\"elementor-button elementor-button-link elementor-size-md\" href=\"https:\/\/www.instagram.com\/hassanelhadi2004\" target=\"_blank\">\n\t\t\t\t\t\t<span class=\"elementor-button-content-wrapper\">\n\t\t\t\t\t\t<span class=\"elementor-button-icon\">\n\t\t\t\t<i aria-hidden=\"true\" class=\"fab fa-instagram\"><\/i>\t\t\t<\/span>\n\t\t\t\t\t\t\t\t\t<span class=\"elementor-button-text\">@hassanelhadi2004<\/span>\n\t\t\t\t\t<\/span>\n\t\t\t\t\t<\/a>\n\t\t\t\t<\/div>\n\t\t\t\t\t\t\t\t<\/div>\n\t\t\t\t<\/div>\n\t\t\t\t\t<\/div>\n\t\t<\/div>\n\t\t\t\t\t<\/div>\n\t\t<\/section>\n\t\t\t\t<\/div>\n\t\t","protected":false},"excerpt":{"rendered":"<p>Hassan El Hadi Auteur, compositeur, chanteur, oudiste, banjo\u00efste et percussionniste. Originaire de Marrakech, Maroc o\u00f9 se m\u00eale toute la diversit\u00e9 de la [&hellip;]<\/p>\n","protected":false},"author":1,"featured_media":4596,"comment_status":"closed","ping_status":"closed","sticky":false,"template":"","format":"standard","meta":{"footnotes":""},"categories":[291,302],"tags":[312,307,313,306,337,315,365,362,317,364,363,294,318,336,316,314],"class_list":["post-4546","post","type-post","status-publish","format-standard","has-post-thumbnail","hentry","category-artists","category-blog","tag-africa","tag-africa-new-music","tag-african","tag-afrique-nouvelle-musique","tag-author","tag-canada","tag-gnawa","tag-hassan-el-hadi","tag-montreal","tag-moroccan","tag-morocco","tag-music","tag-ontario","tag-poem","tag-quebec","tag-toronto"],"yoast_head":"<!-- This site is optimized with the Yoast SEO plugin v27.5 - https:\/\/yoast.com\/product\/yoast-seo-wordpress\/ -->\n<title>Artiste en Vedette: Hassan El Hadi -<\/title>\n<meta name=\"robots\" content=\"index, follow, max-snippet:-1, max-image-preview:large, max-video-preview:-1\" \/>\n<link rel=\"canonical\" href=\"https:\/\/www.afriquenouvellemusique.org\/site\/fr\/artists\/featured-artist-hassan-el-hadi\/\" \/>\n<meta property=\"og:locale\" content=\"fr_FR\" \/>\n<meta property=\"og:type\" content=\"article\" \/>\n<meta property=\"og:title\" content=\"Artiste en Vedette: Hassan El Hadi -\" \/>\n<meta property=\"og:description\" content=\"Hassan El Hadi Auteur, compositeur, chanteur, oudiste, banjo\u00efste et percussionniste. Originaire de Marrakech, Maroc o\u00f9 se m\u00eale toute la diversit\u00e9 de la [&hellip;]\" \/>\n<meta property=\"og:url\" content=\"https:\/\/www.afriquenouvellemusique.org\/site\/fr\/artists\/featured-artist-hassan-el-hadi\/\" \/>\n<meta property=\"article:publisher\" content=\"https:\/\/www.facebook.com\/AfriqueNM\" \/>\n<meta property=\"article:published_time\" content=\"2022-11-28T18:05:27+00:00\" \/>\n<meta property=\"article:modified_time\" content=\"2022-12-01T18:00:02+00:00\" \/>\n<meta property=\"og:image\" content=\"https:\/\/www.afriquenouvellemusique.org\/site\/wp-content\/uploads\/2022\/11\/HassanElHadi7-sq.jpg\" \/>\n\t<meta property=\"og:image:width\" content=\"887\" \/>\n\t<meta property=\"og:image:height\" content=\"887\" \/>\n\t<meta property=\"og:image:type\" content=\"image\/jpeg\" \/>\n<meta name=\"author\" content=\"admin\" \/>\n<meta name=\"twitter:card\" content=\"summary_large_image\" \/>\n<meta name=\"twitter:label1\" content=\"\u00c9crit par\" \/>\n\t<meta name=\"twitter:data1\" content=\"admin\" \/>\n\t<meta name=\"twitter:label2\" content=\"Dur\u00e9e de lecture estim\u00e9e\" \/>\n\t<meta name=\"twitter:data2\" content=\"3 minutes\" \/>\n<script type=\"application\/ld+json\" class=\"yoast-schema-graph\">{\"@context\":\"https:\\\/\\\/schema.org\",\"@graph\":[{\"@type\":\"Article\",\"@id\":\"https:\\\/\\\/www.afriquenouvellemusique.org\\\/site\\\/fr\\\/artists\\\/featured-artist-hassan-el-hadi\\\/#article\",\"isPartOf\":{\"@id\":\"https:\\\/\\\/www.afriquenouvellemusique.org\\\/site\\\/fr\\\/artists\\\/featured-artist-hassan-el-hadi\\\/\"},\"author\":{\"name\":\"admin\",\"@id\":\"https:\\\/\\\/www.afriquenouvellemusique.org\\\/site\\\/fr\\\/#\\\/schema\\\/person\\\/0e0e29ca3c0c70d80e07abb3472ef056\"},\"headline\":\"Artiste en Vedette: Hassan El Hadi\",\"datePublished\":\"2022-11-28T18:05:27+00:00\",\"dateModified\":\"2022-12-01T18:00:02+00:00\",\"mainEntityOfPage\":{\"@id\":\"https:\\\/\\\/www.afriquenouvellemusique.org\\\/site\\\/fr\\\/artists\\\/featured-artist-hassan-el-hadi\\\/\"},\"wordCount\":641,\"publisher\":{\"@id\":\"https:\\\/\\\/www.afriquenouvellemusique.org\\\/site\\\/fr\\\/#organization\"},\"image\":{\"@id\":\"https:\\\/\\\/www.afriquenouvellemusique.org\\\/site\\\/fr\\\/artists\\\/featured-artist-hassan-el-hadi\\\/#primaryimage\"},\"thumbnailUrl\":\"https:\\\/\\\/www.afriquenouvellemusique.org\\\/site\\\/wp-content\\\/uploads\\\/2022\\\/11\\\/HassanElHadi7-sq.jpg\",\"keywords\":[\"africa\",\"africa new music\",\"african\",\"afrique nouvelle musique\",\"author\",\"canada\",\"gnawa\",\"hassan el hadi\",\"montreal\",\"moroccan\",\"morocco\",\"MUSIC\",\"ontario\",\"poem\",\"quebec\",\"toronto\"],\"articleSection\":[\"Artistes\",\"Blog\"],\"inLanguage\":\"fr-FR\"},{\"@type\":\"WebPage\",\"@id\":\"https:\\\/\\\/www.afriquenouvellemusique.org\\\/site\\\/fr\\\/artists\\\/featured-artist-hassan-el-hadi\\\/\",\"url\":\"https:\\\/\\\/www.afriquenouvellemusique.org\\\/site\\\/fr\\\/artists\\\/featured-artist-hassan-el-hadi\\\/\",\"name\":\"Artiste en Vedette: Hassan El Hadi -\",\"isPartOf\":{\"@id\":\"https:\\\/\\\/www.afriquenouvellemusique.org\\\/site\\\/fr\\\/#website\"},\"primaryImageOfPage\":{\"@id\":\"https:\\\/\\\/www.afriquenouvellemusique.org\\\/site\\\/fr\\\/artists\\\/featured-artist-hassan-el-hadi\\\/#primaryimage\"},\"image\":{\"@id\":\"https:\\\/\\\/www.afriquenouvellemusique.org\\\/site\\\/fr\\\/artists\\\/featured-artist-hassan-el-hadi\\\/#primaryimage\"},\"thumbnailUrl\":\"https:\\\/\\\/www.afriquenouvellemusique.org\\\/site\\\/wp-content\\\/uploads\\\/2022\\\/11\\\/HassanElHadi7-sq.jpg\",\"datePublished\":\"2022-11-28T18:05:27+00:00\",\"dateModified\":\"2022-12-01T18:00:02+00:00\",\"breadcrumb\":{\"@id\":\"https:\\\/\\\/www.afriquenouvellemusique.org\\\/site\\\/fr\\\/artists\\\/featured-artist-hassan-el-hadi\\\/#breadcrumb\"},\"inLanguage\":\"fr-FR\",\"potentialAction\":[{\"@type\":\"ReadAction\",\"target\":[[\"https:\\\/\\\/www.afriquenouvellemusique.org\\\/site\\\/fr\\\/artists\\\/featured-artist-hassan-el-hadi\\\/\"]]}]},{\"@type\":\"ImageObject\",\"inLanguage\":\"fr-FR\",\"@id\":\"https:\\\/\\\/www.afriquenouvellemusique.org\\\/site\\\/fr\\\/artists\\\/featured-artist-hassan-el-hadi\\\/#primaryimage\",\"url\":\"https:\\\/\\\/www.afriquenouvellemusique.org\\\/site\\\/wp-content\\\/uploads\\\/2022\\\/11\\\/HassanElHadi7-sq.jpg\",\"contentUrl\":\"https:\\\/\\\/www.afriquenouvellemusique.org\\\/site\\\/wp-content\\\/uploads\\\/2022\\\/11\\\/HassanElHadi7-sq.jpg\",\"width\":887,\"height\":887,\"caption\":\"afrique nouvelle musique africa new music toronto canada art arts african congo congolese arthur tongo thomas tumbu festival bana y'afrique hassan el hadi morocco moroccan gnawa\"},{\"@type\":\"BreadcrumbList\",\"@id\":\"https:\\\/\\\/www.afriquenouvellemusique.org\\\/site\\\/fr\\\/artists\\\/featured-artist-hassan-el-hadi\\\/#breadcrumb\",\"itemListElement\":[{\"@type\":\"ListItem\",\"position\":1,\"name\":\"Home\",\"item\":\"https:\\\/\\\/www.afriquenouvellemusique.org\\\/site\\\/fr\\\/\"},{\"@type\":\"ListItem\",\"position\":2,\"name\":\"Artiste en Vedette: Hassan El Hadi\"}]},{\"@type\":\"WebSite\",\"@id\":\"https:\\\/\\\/www.afriquenouvellemusique.org\\\/site\\\/fr\\\/#website\",\"url\":\"https:\\\/\\\/www.afriquenouvellemusique.org\\\/site\\\/fr\\\/\",\"name\":\"\",\"description\":\"\",\"publisher\":{\"@id\":\"https:\\\/\\\/www.afriquenouvellemusique.org\\\/site\\\/fr\\\/#organization\"},\"potentialAction\":[{\"@type\":\"SearchAction\",\"target\":{\"@type\":\"EntryPoint\",\"urlTemplate\":\"https:\\\/\\\/www.afriquenouvellemusique.org\\\/site\\\/fr\\\/?s={search_term_string}\"},\"query-input\":{\"@type\":\"PropertyValueSpecification\",\"valueRequired\":true,\"valueName\":\"search_term_string\"}}],\"inLanguage\":\"fr-FR\"},{\"@type\":\"Organization\",\"@id\":\"https:\\\/\\\/www.afriquenouvellemusique.org\\\/site\\\/fr\\\/#organization\",\"name\":\"Afrique Nouvelle Musique\",\"url\":\"https:\\\/\\\/www.afriquenouvellemusique.org\\\/site\\\/fr\\\/\",\"logo\":{\"@type\":\"ImageObject\",\"inLanguage\":\"fr-FR\",\"@id\":\"https:\\\/\\\/www.afriquenouvellemusique.org\\\/site\\\/fr\\\/#\\\/schema\\\/logo\\\/image\\\/\",\"url\":\"http:\\\/\\\/www.afriquenouvellemusique.org\\\/site\\\/wp-content\\\/uploads\\\/2020\\\/06\\\/logo.png\",\"contentUrl\":\"http:\\\/\\\/www.afriquenouvellemusique.org\\\/site\\\/wp-content\\\/uploads\\\/2020\\\/06\\\/logo.png\",\"width\":1663,\"height\":1749,\"caption\":\"Afrique Nouvelle Musique\"},\"image\":{\"@id\":\"https:\\\/\\\/www.afriquenouvellemusique.org\\\/site\\\/fr\\\/#\\\/schema\\\/logo\\\/image\\\/\"},\"sameAs\":[\"https:\\\/\\\/www.facebook.com\\\/AfriqueNM\"]},{\"@type\":\"Person\",\"@id\":\"https:\\\/\\\/www.afriquenouvellemusique.org\\\/site\\\/fr\\\/#\\\/schema\\\/person\\\/0e0e29ca3c0c70d80e07abb3472ef056\",\"name\":\"admin\",\"image\":{\"@type\":\"ImageObject\",\"inLanguage\":\"fr-FR\",\"@id\":\"https:\\\/\\\/secure.gravatar.com\\\/avatar\\\/93c5782cae0bb4e9f2019dc7b10f9b8e2db9a6e121cfd8e3c0d053a601fcc21b?s=96&d=mm&r=g\",\"url\":\"https:\\\/\\\/secure.gravatar.com\\\/avatar\\\/93c5782cae0bb4e9f2019dc7b10f9b8e2db9a6e121cfd8e3c0d053a601fcc21b?s=96&d=mm&r=g\",\"contentUrl\":\"https:\\\/\\\/secure.gravatar.com\\\/avatar\\\/93c5782cae0bb4e9f2019dc7b10f9b8e2db9a6e121cfd8e3c0d053a601fcc21b?s=96&d=mm&r=g\",\"caption\":\"admin\"},\"sameAs\":[\"http:\\\/\\\/www.afriquenouvellemusique.org\\\/site\"],\"url\":\"https:\\\/\\\/www.afriquenouvellemusique.org\\\/site\\\/fr\\\/author\\\/admin\\\/\"}]}<\/script>\n<!-- \/ Yoast SEO plugin. -->","yoast_head_json":{"title":"Artiste en Vedette: Hassan El Hadi -","robots":{"index":"index","follow":"follow","max-snippet":"max-snippet:-1","max-image-preview":"max-image-preview:large","max-video-preview":"max-video-preview:-1"},"canonical":"https:\/\/www.afriquenouvellemusique.org\/site\/fr\/artists\/featured-artist-hassan-el-hadi\/","og_locale":"fr_FR","og_type":"article","og_title":"Artiste en Vedette: Hassan El Hadi -","og_description":"Hassan El Hadi Auteur, compositeur, chanteur, oudiste, banjo\u00efste et percussionniste. Originaire de Marrakech, Maroc o\u00f9 se m\u00eale toute la diversit\u00e9 de la [&hellip;]","og_url":"https:\/\/www.afriquenouvellemusique.org\/site\/fr\/artists\/featured-artist-hassan-el-hadi\/","article_publisher":"https:\/\/www.facebook.com\/AfriqueNM","article_published_time":"2022-11-28T18:05:27+00:00","article_modified_time":"2022-12-01T18:00:02+00:00","og_image":[{"width":887,"height":887,"url":"https:\/\/www.afriquenouvellemusique.org\/site\/wp-content\/uploads\/2022\/11\/HassanElHadi7-sq.jpg","type":"image\/jpeg"}],"author":"admin","twitter_card":"summary_large_image","twitter_misc":{"\u00c9crit par":"admin","Dur\u00e9e de lecture estim\u00e9e":"3 minutes"},"schema":{"@context":"https:\/\/schema.org","@graph":[{"@type":"Article","@id":"https:\/\/www.afriquenouvellemusique.org\/site\/fr\/artists\/featured-artist-hassan-el-hadi\/#article","isPartOf":{"@id":"https:\/\/www.afriquenouvellemusique.org\/site\/fr\/artists\/featured-artist-hassan-el-hadi\/"},"author":{"name":"admin","@id":"https:\/\/www.afriquenouvellemusique.org\/site\/fr\/#\/schema\/person\/0e0e29ca3c0c70d80e07abb3472ef056"},"headline":"Artiste en Vedette: Hassan El Hadi","datePublished":"2022-11-28T18:05:27+00:00","dateModified":"2022-12-01T18:00:02+00:00","mainEntityOfPage":{"@id":"https:\/\/www.afriquenouvellemusique.org\/site\/fr\/artists\/featured-artist-hassan-el-hadi\/"},"wordCount":641,"publisher":{"@id":"https:\/\/www.afriquenouvellemusique.org\/site\/fr\/#organization"},"image":{"@id":"https:\/\/www.afriquenouvellemusique.org\/site\/fr\/artists\/featured-artist-hassan-el-hadi\/#primaryimage"},"thumbnailUrl":"https:\/\/www.afriquenouvellemusique.org\/site\/wp-content\/uploads\/2022\/11\/HassanElHadi7-sq.jpg","keywords":["africa","africa new music","african","afrique nouvelle musique","author","canada","gnawa","hassan el hadi","montreal","moroccan","morocco","MUSIC","ontario","poem","quebec","toronto"],"articleSection":["Artistes","Blog"],"inLanguage":"fr-FR"},{"@type":"WebPage","@id":"https:\/\/www.afriquenouvellemusique.org\/site\/fr\/artists\/featured-artist-hassan-el-hadi\/","url":"https:\/\/www.afriquenouvellemusique.org\/site\/fr\/artists\/featured-artist-hassan-el-hadi\/","name":"Artiste en Vedette: Hassan El Hadi -","isPartOf":{"@id":"https:\/\/www.afriquenouvellemusique.org\/site\/fr\/#website"},"primaryImageOfPage":{"@id":"https:\/\/www.afriquenouvellemusique.org\/site\/fr\/artists\/featured-artist-hassan-el-hadi\/#primaryimage"},"image":{"@id":"https:\/\/www.afriquenouvellemusique.org\/site\/fr\/artists\/featured-artist-hassan-el-hadi\/#primaryimage"},"thumbnailUrl":"https:\/\/www.afriquenouvellemusique.org\/site\/wp-content\/uploads\/2022\/11\/HassanElHadi7-sq.jpg","datePublished":"2022-11-28T18:05:27+00:00","dateModified":"2022-12-01T18:00:02+00:00","breadcrumb":{"@id":"https:\/\/www.afriquenouvellemusique.org\/site\/fr\/artists\/featured-artist-hassan-el-hadi\/#breadcrumb"},"inLanguage":"fr-FR","potentialAction":[{"@type":"ReadAction","target":[["https:\/\/www.afriquenouvellemusique.org\/site\/fr\/artists\/featured-artist-hassan-el-hadi\/"]]}]},{"@type":"ImageObject","inLanguage":"fr-FR","@id":"https:\/\/www.afriquenouvellemusique.org\/site\/fr\/artists\/featured-artist-hassan-el-hadi\/#primaryimage","url":"https:\/\/www.afriquenouvellemusique.org\/site\/wp-content\/uploads\/2022\/11\/HassanElHadi7-sq.jpg","contentUrl":"https:\/\/www.afriquenouvellemusique.org\/site\/wp-content\/uploads\/2022\/11\/HassanElHadi7-sq.jpg","width":887,"height":887,"caption":"afrique nouvelle musique africa new music toronto canada art arts african congo congolese arthur tongo thomas tumbu festival bana y'afrique hassan el hadi morocco moroccan gnawa"},{"@type":"BreadcrumbList","@id":"https:\/\/www.afriquenouvellemusique.org\/site\/fr\/artists\/featured-artist-hassan-el-hadi\/#breadcrumb","itemListElement":[{"@type":"ListItem","position":1,"name":"Home","item":"https:\/\/www.afriquenouvellemusique.org\/site\/fr\/"},{"@type":"ListItem","position":2,"name":"Artiste en Vedette: Hassan El Hadi"}]},{"@type":"WebSite","@id":"https:\/\/www.afriquenouvellemusique.org\/site\/fr\/#website","url":"https:\/\/www.afriquenouvellemusique.org\/site\/fr\/","name":"","description":"","publisher":{"@id":"https:\/\/www.afriquenouvellemusique.org\/site\/fr\/#organization"},"potentialAction":[{"@type":"SearchAction","target":{"@type":"EntryPoint","urlTemplate":"https:\/\/www.afriquenouvellemusique.org\/site\/fr\/?s={search_term_string}"},"query-input":{"@type":"PropertyValueSpecification","valueRequired":true,"valueName":"search_term_string"}}],"inLanguage":"fr-FR"},{"@type":"Organization","@id":"https:\/\/www.afriquenouvellemusique.org\/site\/fr\/#organization","name":"Afrique Nouvelle Musique","url":"https:\/\/www.afriquenouvellemusique.org\/site\/fr\/","logo":{"@type":"ImageObject","inLanguage":"fr-FR","@id":"https:\/\/www.afriquenouvellemusique.org\/site\/fr\/#\/schema\/logo\/image\/","url":"http:\/\/www.afriquenouvellemusique.org\/site\/wp-content\/uploads\/2020\/06\/logo.png","contentUrl":"http:\/\/www.afriquenouvellemusique.org\/site\/wp-content\/uploads\/2020\/06\/logo.png","width":1663,"height":1749,"caption":"Afrique Nouvelle Musique"},"image":{"@id":"https:\/\/www.afriquenouvellemusique.org\/site\/fr\/#\/schema\/logo\/image\/"},"sameAs":["https:\/\/www.facebook.com\/AfriqueNM"]},{"@type":"Person","@id":"https:\/\/www.afriquenouvellemusique.org\/site\/fr\/#\/schema\/person\/0e0e29ca3c0c70d80e07abb3472ef056","name":"admin","image":{"@type":"ImageObject","inLanguage":"fr-FR","@id":"https:\/\/secure.gravatar.com\/avatar\/93c5782cae0bb4e9f2019dc7b10f9b8e2db9a6e121cfd8e3c0d053a601fcc21b?s=96&d=mm&r=g","url":"https:\/\/secure.gravatar.com\/avatar\/93c5782cae0bb4e9f2019dc7b10f9b8e2db9a6e121cfd8e3c0d053a601fcc21b?s=96&d=mm&r=g","contentUrl":"https:\/\/secure.gravatar.com\/avatar\/93c5782cae0bb4e9f2019dc7b10f9b8e2db9a6e121cfd8e3c0d053a601fcc21b?s=96&d=mm&r=g","caption":"admin"},"sameAs":["http:\/\/www.afriquenouvellemusique.org\/site"],"url":"https:\/\/www.afriquenouvellemusique.org\/site\/fr\/author\/admin\/"}]}},"_links":{"self":[{"href":"https:\/\/www.afriquenouvellemusique.org\/site\/fr\/wp-json\/wp\/v2\/posts\/4546","targetHints":{"allow":["GET"]}}],"collection":[{"href":"https:\/\/www.afriquenouvellemusique.org\/site\/fr\/wp-json\/wp\/v2\/posts"}],"about":[{"href":"https:\/\/www.afriquenouvellemusique.org\/site\/fr\/wp-json\/wp\/v2\/types\/post"}],"author":[{"embeddable":true,"href":"https:\/\/www.afriquenouvellemusique.org\/site\/fr\/wp-json\/wp\/v2\/users\/1"}],"replies":[{"embeddable":true,"href":"https:\/\/www.afriquenouvellemusique.org\/site\/fr\/wp-json\/wp\/v2\/comments?post=4546"}],"version-history":[{"count":48,"href":"https:\/\/www.afriquenouvellemusique.org\/site\/fr\/wp-json\/wp\/v2\/posts\/4546\/revisions"}],"predecessor-version":[{"id":4616,"href":"https:\/\/www.afriquenouvellemusique.org\/site\/fr\/wp-json\/wp\/v2\/posts\/4546\/revisions\/4616"}],"wp:featuredmedia":[{"embeddable":true,"href":"https:\/\/www.afriquenouvellemusique.org\/site\/fr\/wp-json\/wp\/v2\/media\/4596"}],"wp:attachment":[{"href":"https:\/\/www.afriquenouvellemusique.org\/site\/fr\/wp-json\/wp\/v2\/media?parent=4546"}],"wp:term":[{"taxonomy":"category","embeddable":true,"href":"https:\/\/www.afriquenouvellemusique.org\/site\/fr\/wp-json\/wp\/v2\/categories?post=4546"},{"taxonomy":"post_tag","embeddable":true,"href":"https:\/\/www.afriquenouvellemusique.org\/site\/fr\/wp-json\/wp\/v2\/tags?post=4546"}],"curies":[{"name":"wp","href":"https:\/\/api.w.org\/{rel}","templated":true}]}}