{"id":4459,"date":"2022-10-23T17:51:14","date_gmt":"2022-10-23T17:51:14","guid":{"rendered":"http:\/\/www.afriquenouvellemusique.org\/site\/?p=4459"},"modified":"2024-02-05T16:08:41","modified_gmt":"2024-02-05T16:08:41","slug":"causeries-artistiques-en-francais-nov-26-2022","status":"publish","type":"post","link":"https:\/\/www.afriquenouvellemusique.org\/site\/fr\/eventscat\/causeries-artistiques-en-francais-nov-26-2022\/","title":{"rendered":"Causeries Artistiques en Fran\u00e7ais &#8211; 26 Nov 2022"},"content":{"rendered":"\t\t<div data-elementor-type=\"wp-post\" data-elementor-id=\"4459\" class=\"elementor elementor-4459\">\n\t\t\t\t\t\t<section class=\"elementor-section elementor-top-section elementor-element elementor-element-5615cfa elementor-section-boxed elementor-section-height-default elementor-section-height-default\" data-id=\"5615cfa\" data-element_type=\"section\" data-e-type=\"section\">\n\t\t\t\t\t\t<div class=\"elementor-container elementor-column-gap-default\">\n\t\t\t\t\t<div class=\"elementor-column elementor-col-100 elementor-top-column elementor-element elementor-element-9c894f6\" data-id=\"9c894f6\" data-element_type=\"column\" data-e-type=\"column\">\n\t\t\t<div class=\"elementor-widget-wrap elementor-element-populated\">\n\t\t\t\t\t\t<div class=\"elementor-element elementor-element-322c3b3 elementor-widget elementor-widget-text-editor\" data-id=\"322c3b3\" data-element_type=\"widget\" data-e-type=\"widget\" data-widget_type=\"text-editor.default\">\n\t\t\t\t<div class=\"elementor-widget-container\">\n\t\t\t\t\t\t\t\t\t<p>Une s\u00e9rie de rencontres multidisciplinaires autour de la musique, de la danse et des arts litt\u00e9raires, accompagn\u00e9es de d\u00e9bats et discussions entre les artistes et le public<\/p><p>Art Bay 600, rue Bay, 5\u00e8me etage, Toronto<br \/>26 novembre 2022 de 15h \u00e0 18h<br \/>Entr\u00e9e gratuite<\/p>\t\t\t\t\t\t\t\t<\/div>\n\t\t\t\t<\/div>\n\t\t\t\t<div class=\"elementor-element elementor-element-2d4b7a1 elementor-widget elementor-widget-shortcode\" data-id=\"2d4b7a1\" data-element_type=\"widget\" data-e-type=\"widget\" data-widget_type=\"shortcode.default\">\n\t\t\t\t<div class=\"elementor-widget-container\">\n\t\t\t\t\t\t\t<div class=\"elementor-shortcode\"><iframe  id=\"_ytid_80961\"  width=\"1170\" height=\"658\"  data-origwidth=\"1170\" data-origheight=\"658\" src=\"https:\/\/www.youtube.com\/embed\/iWUfC04aqec?enablejsapi=1&autoplay=0&cc_load_policy=0&cc_lang_pref=&iv_load_policy=1&loop=0&rel=1&fs=1&playsinline=0&autohide=2&theme=dark&color=red&controls=1&disablekb=0&\" class=\"__youtube_prefs__  no-lazyload\" title=\"YouTube player\"  allow=\"fullscreen; accelerometer; autoplay; clipboard-write; encrypted-media; gyroscope; picture-in-picture; web-share\" referrerpolicy=\"strict-origin-when-cross-origin\" allowfullscreen data-no-lazy=\"1\" data-skipgform_ajax_framebjll=\"\"><\/iframe><\/div>\n\t\t\t\t\t\t<\/div>\n\t\t\t\t<\/div>\n\t\t\t\t\t<\/div>\n\t\t<\/div>\n\t\t\t\t\t<\/div>\n\t\t<\/section>\n\t\t\t\t<section class=\"elementor-section elementor-top-section elementor-element elementor-element-8d93363 elementor-section-boxed elementor-section-height-default elementor-section-height-default\" data-id=\"8d93363\" data-element_type=\"section\" data-e-type=\"section\">\n\t\t\t\t\t\t<div class=\"elementor-container elementor-column-gap-default\">\n\t\t\t\t\t<div class=\"elementor-column elementor-col-100 elementor-top-column elementor-element elementor-element-b917b37\" data-id=\"b917b37\" data-element_type=\"column\" data-e-type=\"column\">\n\t\t\t<div class=\"elementor-widget-wrap elementor-element-populated\">\n\t\t\t\t\t\t<div class=\"elementor-element elementor-element-5cfde36 elementor-widget elementor-widget-image\" data-id=\"5cfde36\" data-element_type=\"widget\" data-e-type=\"widget\" data-widget_type=\"image.default\">\n\t\t\t\t<div class=\"elementor-widget-container\">\n\t\t\t\t\t\t\t\t\t\t\t\t\t\t\t<img fetchpriority=\"high\" decoding=\"async\" width=\"480\" height=\"853\" src=\"https:\/\/www.afriquenouvellemusique.org\/site\/wp-content\/uploads\/2022\/10\/CausArtNov22-sm-480x853.jpg\" class=\"attachment-sydney-mas-thumb size-sydney-mas-thumb wp-image-4526\" alt=\"afrique nouvelle musique africa new music toronto canada art arts african congo congolese arthur tongo thomas tumbu festival bana y&#039;afrique\" srcset=\"https:\/\/www.afriquenouvellemusique.org\/site\/wp-content\/uploads\/2022\/10\/CausArtNov22-sm-480x853.jpg 480w, https:\/\/www.afriquenouvellemusique.org\/site\/wp-content\/uploads\/2022\/10\/CausArtNov22-sm-169x300.jpg 169w, https:\/\/www.afriquenouvellemusique.org\/site\/wp-content\/uploads\/2022\/10\/CausArtNov22-sm-576x1024.jpg 576w, https:\/\/www.afriquenouvellemusique.org\/site\/wp-content\/uploads\/2022\/10\/CausArtNov22-sm-768x1365.jpg 768w, https:\/\/www.afriquenouvellemusique.org\/site\/wp-content\/uploads\/2022\/10\/CausArtNov22-sm-864x1536.jpg 864w, https:\/\/www.afriquenouvellemusique.org\/site\/wp-content\/uploads\/2022\/10\/CausArtNov22-sm-1000x1777.jpg 1000w, https:\/\/www.afriquenouvellemusique.org\/site\/wp-content\/uploads\/2022\/10\/CausArtNov22-sm-230x409.jpg 230w, https:\/\/www.afriquenouvellemusique.org\/site\/wp-content\/uploads\/2022\/10\/CausArtNov22-sm-350x622.jpg 350w, https:\/\/www.afriquenouvellemusique.org\/site\/wp-content\/uploads\/2022\/10\/CausArtNov22-sm.jpg 1013w\" sizes=\"(max-width: 480px) 100vw, 480px\" \/>\t\t\t\t\t\t\t\t\t\t\t\t\t\t\t<\/div>\n\t\t\t\t<\/div>\n\t\t\t\t\t<\/div>\n\t\t<\/div>\n\t\t\t\t\t<\/div>\n\t\t<\/section>\n\t\t\t\t<section class=\"elementor-section elementor-top-section elementor-element elementor-element-05dda83 elementor-section-boxed elementor-section-height-default elementor-section-height-default\" data-id=\"05dda83\" data-element_type=\"section\" data-e-type=\"section\">\n\t\t\t\t\t\t<div class=\"elementor-container elementor-column-gap-default\">\n\t\t\t\t\t<div class=\"elementor-column elementor-col-100 elementor-top-column elementor-element elementor-element-1466d31\" data-id=\"1466d31\" data-element_type=\"column\" data-e-type=\"column\">\n\t\t\t<div class=\"elementor-widget-wrap elementor-element-populated\">\n\t\t\t\t\t\t<div class=\"elementor-element elementor-element-45f5ef0 elementor-widget elementor-widget-text-editor\" data-id=\"45f5ef0\" data-element_type=\"widget\" data-e-type=\"widget\" data-widget_type=\"text-editor.default\">\n\t\t\t\t<div class=\"elementor-widget-container\">\n\t\t\t\t\t\t\t\t\t<h3><\/p><h3>Artistes en vedettes<\/h3><p><strong>Ange Ngankam<\/strong>: Je suis une chor\u00e9graphe de danse qui pratique diff\u00e9rents styles de danse tels que le hip-hop et les danses africaines. Je suis une danseuse autodidacte qui a commenc\u00e9 la danse quand j&rsquo;\u00e9tais petite mais qui s&rsquo;y est mise s\u00e9rieusement il y a environ 9 ans. Depuis, j&rsquo;ai particip\u00e9 \u00e0 de nombreux spectacles de danse et j&rsquo;ai chor\u00e9graphi\u00e9 des vid\u00e9oclips pour divers artistes. Actuellement, je donne des cours de danse aux communaut\u00e9s de Toronto et je cr\u00e9e divers projets de danse.<\/p><p><strong>Didier Leclair<\/strong>, de son vrai nom Didier Kabagema, est n\u00e9 en 1967 \u00e0 Montr\u00e9al. Il est d&rsquo;origine rwandaise. En 1987, Didier Leclair quitte l&rsquo;Afrique pour poursuivre ses \u00e9tudes universitaires \u00e0 Sudbury et \u00e0 Toronto. Ancien journaliste, il est maintenant \u00e9valuateur fran\u00e7ais pour le YMCA de Toronto. Didier Leclair a remport\u00e9 le Prix litt\u00e9raire Trillium 2000 pour son premier roman, Toronto, je t&rsquo;aime, et son deuxi\u00e8me roman, Ce pays qui est le mien, a \u00e9t\u00e9 finaliste pour le Prix du Gouverneur g\u00e9n\u00e9ral. Son roman le plus r\u00e9cent est \u00ab\u00a0Le vieil homme sans voix\u00a0\u00bb paru aux \u00c9ditions David en 2019.<\/p><p>Le ma\u00eetre du tambour <strong>Amadou Kienou<\/strong> est originaire de Ouagadougou, au Burkina Faso, en Afrique de l\u2019Ouest, qui faisait autrefois partie du vaste ancien empire mandingue. Descendant du peuple Dafin, Amadou a \u00e9t\u00e9 initi\u00e9 en tant que djeli ou griot (historien oral), membre d\u2019une longue lign\u00e9e de griots dont le r\u00f4le est de pr\u00e9server et de transmettre l\u2019histoire, la culture et les valeurs de leur peuple. De nos jours, apportant le traditionnel au contemporain, Amadou ravit le public international avec son expression polyrythmique unique d\u2019\u00e9motions et de souvenirs. Le djemb\u00e9 est l\u2019instrument principal d\u2019Amadou. Comme il le d\u00e9crit, \u201cle djemb\u00e9 est plus qu\u2019un instrument de musique; c\u2019est une extension du musicien \u00e0 travers laquelle il exprime sa vie, ses \u00e9motions.\u201d La ma\u00eetrise du djemb\u00e9 exige toute une vie de discipline et de d\u00e9vouement, ainsi que les conseils d\u2019un ma\u00eetre de djemb\u00e9, \u00e0 condition, dans le cas d\u2019Amadou, principalement par son p\u00e8re, le regrett\u00e9 Baba Kienou. Amadou joue plusieurs autres instruments traditionnels africains &#8211; les dunduns, le n\u2019goni et le tama, sans oublier la guitare et la batterie occidentales. En tant que djeli, musicien-compositeur, danseur, chor\u00e9graphe et instructeur, Amadou Kienou a \u00e9t\u00e9 actif dans toute l\u2019Am\u00e9rique du Nord, l\u2019Afrique, l\u2019Europe, l\u2019Asie, l\u2019Inde et les Cara\u00efbes. Il a jou\u00e9 et enregistr\u00e9 avec de nombreux grands artistes, dont Miriam Makeba, Manu Dibango, Ang\u00e9lique Kidjo, Salif Keita, Youssou N\u2019Dour et Kassav, et avec ses propres ensembles Fot\u00e9ban et Djeli Sira (The Griot\u2019s Path). En reconnaissance de son talent artistique, il a re\u00e7u de nombreux prix, dont celui du meilleur artiste de la sc\u00e8ne africaine au Canada 2019, du meilleur artiste masculin de Radio Kilimandjaro en 2018 et de l\u2019artiste masculin de l\u2019ann\u00e9e 2016, ambassadeur culturel du Burkina Faso au Canada. Amadou Kienou a \u00e9t\u00e9 d\u00e9cor\u00e9 chevalier de l\u2019ordre du m\u00e9rite des arts des, lettres et de la communication le 19 juin 2018 \u00e0 Ottawa Canada. Formellement reconnu comme un griot\/ma\u00eetre du tambour dans son pays natal (et le seul au Canada), Amadou r\u00e9side \u00e0 Toronto depuis 2008, se produisant dans le monde entier et enseignant r\u00e9guli\u00e8rement des ateliers de danse et de batterie dans des \u00e9coles universitaires et lors de festivals \u00e0 travers le pays. La ma\u00eetrise d\u2019Amadou en anglais, en fran\u00e7ais, en allemand et dans la langue universelle du tambour lui permet d\u2019atteindre un large public gr\u00e2ce \u00e0 ses enseignements.<\/p>\t\t\t\t\t\t\t\t<\/div>\n\t\t\t\t<\/div>\n\t\t\t\t\t<\/div>\n\t\t<\/div>\n\t\t\t\t\t<\/div>\n\t\t<\/section>\n\t\t\t\t<\/div>\n\t\t","protected":false},"excerpt":{"rendered":"<p>Une srie de rencontres multidisciplinaires autour de la musique, de la danse et des arts littraires, accompagnes de dbats et discussions entre [&hellip;]<\/p>\n","protected":false},"author":1,"featured_media":4526,"comment_status":"closed","ping_status":"closed","sticky":false,"template":"","format":"standard","meta":{"footnotes":""},"categories":[1,328],"tags":[312,307,313,306,358,361,315,357,360,317,349,294,316,314],"class_list":["post-4459","post","type-post","status-publish","format-standard","has-post-thumbnail","hentry","category-eventscat","category-pastevents","tag-africa","tag-africa-new-music","tag-african","tag-afrique-nouvelle-musique","tag-amadou-kienou","tag-ange-ngankam","tag-canada","tag-causeries-aritistiques","tag-didier-leclair","tag-montreal","tag-multiculturalism","tag-music","tag-quebec","tag-toronto"],"yoast_head":"<!-- This site is optimized with the Yoast SEO plugin v27.5 - https:\/\/yoast.com\/product\/yoast-seo-wordpress\/ -->\n<title>Causeries Artistiques en Fran\u00e7ais - 26 Nov 2022 -<\/title>\n<meta name=\"robots\" content=\"index, follow, max-snippet:-1, max-image-preview:large, max-video-preview:-1\" \/>\n<link rel=\"canonical\" href=\"https:\/\/www.afriquenouvellemusique.org\/site\/fr\/eventscat\/causeries-artistiques-en-francais-nov-26-2022\/\" \/>\n<meta property=\"og:locale\" content=\"fr_FR\" \/>\n<meta property=\"og:type\" content=\"article\" \/>\n<meta property=\"og:title\" content=\"Causeries Artistiques en Fran\u00e7ais - 26 Nov 2022 -\" \/>\n<meta property=\"og:description\" content=\"Une srie de rencontres multidisciplinaires autour de la musique, de la danse et des arts littraires, accompagnes de dbats et discussions entre [&hellip;]\" \/>\n<meta property=\"og:url\" content=\"https:\/\/www.afriquenouvellemusique.org\/site\/fr\/eventscat\/causeries-artistiques-en-francais-nov-26-2022\/\" \/>\n<meta property=\"article:publisher\" content=\"https:\/\/www.facebook.com\/AfriqueNM\" \/>\n<meta property=\"article:published_time\" content=\"2022-10-23T17:51:14+00:00\" \/>\n<meta property=\"article:modified_time\" content=\"2024-02-05T16:08:41+00:00\" \/>\n<meta property=\"og:image\" content=\"https:\/\/www.afriquenouvellemusique.org\/site\/wp-content\/uploads\/2022\/10\/CausArtNov22-sm.jpg\" \/>\n\t<meta property=\"og:image:width\" content=\"1013\" \/>\n\t<meta property=\"og:image:height\" content=\"1800\" \/>\n\t<meta property=\"og:image:type\" content=\"image\/jpeg\" \/>\n<meta name=\"author\" content=\"admin\" \/>\n<meta name=\"twitter:card\" content=\"summary_large_image\" \/>\n<meta name=\"twitter:label1\" content=\"\u00c9crit par\" \/>\n\t<meta name=\"twitter:data1\" content=\"admin\" \/>\n\t<meta name=\"twitter:label2\" content=\"Dur\u00e9e de lecture estim\u00e9e\" \/>\n\t<meta name=\"twitter:data2\" content=\"6 minutes\" \/>\n<script type=\"application\/ld+json\" class=\"yoast-schema-graph\">{\"@context\":\"https:\\\/\\\/schema.org\",\"@graph\":[{\"@type\":\"Article\",\"@id\":\"https:\\\/\\\/www.afriquenouvellemusique.org\\\/site\\\/fr\\\/eventscat\\\/causeries-artistiques-en-francais-nov-26-2022\\\/#article\",\"isPartOf\":{\"@id\":\"https:\\\/\\\/www.afriquenouvellemusique.org\\\/site\\\/fr\\\/eventscat\\\/causeries-artistiques-en-francais-nov-26-2022\\\/\"},\"author\":{\"name\":\"admin\",\"@id\":\"https:\\\/\\\/www.afriquenouvellemusique.org\\\/site\\\/fr\\\/#\\\/schema\\\/person\\\/0e0e29ca3c0c70d80e07abb3472ef056\"},\"headline\":\"Causeries Artistiques en Fran\u00e7ais &#8211; 26 Nov 2022\",\"datePublished\":\"2022-10-23T17:51:14+00:00\",\"dateModified\":\"2024-02-05T16:08:41+00:00\",\"mainEntityOfPage\":{\"@id\":\"https:\\\/\\\/www.afriquenouvellemusique.org\\\/site\\\/fr\\\/eventscat\\\/causeries-artistiques-en-francais-nov-26-2022\\\/\"},\"wordCount\":1162,\"publisher\":{\"@id\":\"https:\\\/\\\/www.afriquenouvellemusique.org\\\/site\\\/fr\\\/#organization\"},\"image\":{\"@id\":\"https:\\\/\\\/www.afriquenouvellemusique.org\\\/site\\\/fr\\\/eventscat\\\/causeries-artistiques-en-francais-nov-26-2022\\\/#primaryimage\"},\"thumbnailUrl\":\"https:\\\/\\\/www.afriquenouvellemusique.org\\\/site\\\/wp-content\\\/uploads\\\/2022\\\/10\\\/CausArtNov22-sm.jpg\",\"keywords\":[\"africa\",\"africa new music\",\"african\",\"afrique nouvelle musique\",\"amadou kienou\",\"Ange Ngankam\",\"canada\",\"causeries aritistiques\",\"didier leclair\",\"montreal\",\"multiculturalism\",\"MUSIC\",\"quebec\",\"toronto\"],\"articleSection\":[\"\u00c9v\u00e9nements\",\"\u00c9v\u00e9nements Pass\u00e9s\"],\"inLanguage\":\"fr-FR\"},{\"@type\":\"WebPage\",\"@id\":\"https:\\\/\\\/www.afriquenouvellemusique.org\\\/site\\\/fr\\\/eventscat\\\/causeries-artistiques-en-francais-nov-26-2022\\\/\",\"url\":\"https:\\\/\\\/www.afriquenouvellemusique.org\\\/site\\\/fr\\\/eventscat\\\/causeries-artistiques-en-francais-nov-26-2022\\\/\",\"name\":\"Causeries Artistiques en Fran\u00e7ais - 26 Nov 2022 -\",\"isPartOf\":{\"@id\":\"https:\\\/\\\/www.afriquenouvellemusique.org\\\/site\\\/fr\\\/#website\"},\"primaryImageOfPage\":{\"@id\":\"https:\\\/\\\/www.afriquenouvellemusique.org\\\/site\\\/fr\\\/eventscat\\\/causeries-artistiques-en-francais-nov-26-2022\\\/#primaryimage\"},\"image\":{\"@id\":\"https:\\\/\\\/www.afriquenouvellemusique.org\\\/site\\\/fr\\\/eventscat\\\/causeries-artistiques-en-francais-nov-26-2022\\\/#primaryimage\"},\"thumbnailUrl\":\"https:\\\/\\\/www.afriquenouvellemusique.org\\\/site\\\/wp-content\\\/uploads\\\/2022\\\/10\\\/CausArtNov22-sm.jpg\",\"datePublished\":\"2022-10-23T17:51:14+00:00\",\"dateModified\":\"2024-02-05T16:08:41+00:00\",\"breadcrumb\":{\"@id\":\"https:\\\/\\\/www.afriquenouvellemusique.org\\\/site\\\/fr\\\/eventscat\\\/causeries-artistiques-en-francais-nov-26-2022\\\/#breadcrumb\"},\"inLanguage\":\"fr-FR\",\"potentialAction\":[{\"@type\":\"ReadAction\",\"target\":[[\"https:\\\/\\\/www.afriquenouvellemusique.org\\\/site\\\/fr\\\/eventscat\\\/causeries-artistiques-en-francais-nov-26-2022\\\/\"]]}]},{\"@type\":\"ImageObject\",\"inLanguage\":\"fr-FR\",\"@id\":\"https:\\\/\\\/www.afriquenouvellemusique.org\\\/site\\\/fr\\\/eventscat\\\/causeries-artistiques-en-francais-nov-26-2022\\\/#primaryimage\",\"url\":\"https:\\\/\\\/www.afriquenouvellemusique.org\\\/site\\\/wp-content\\\/uploads\\\/2022\\\/10\\\/CausArtNov22-sm.jpg\",\"contentUrl\":\"https:\\\/\\\/www.afriquenouvellemusique.org\\\/site\\\/wp-content\\\/uploads\\\/2022\\\/10\\\/CausArtNov22-sm.jpg\",\"width\":1013,\"height\":1800,\"caption\":\"afrique nouvelle musique africa new music toronto canada art arts african congo congolese arthur tongo thomas tumbu festival bana y'afrique\"},{\"@type\":\"BreadcrumbList\",\"@id\":\"https:\\\/\\\/www.afriquenouvellemusique.org\\\/site\\\/fr\\\/eventscat\\\/causeries-artistiques-en-francais-nov-26-2022\\\/#breadcrumb\",\"itemListElement\":[{\"@type\":\"ListItem\",\"position\":1,\"name\":\"Home\",\"item\":\"https:\\\/\\\/www.afriquenouvellemusique.org\\\/site\\\/fr\\\/\"},{\"@type\":\"ListItem\",\"position\":2,\"name\":\"Causeries Artistiques en Fran\u00e7ais &#8211; 26 Nov 2022\"}]},{\"@type\":\"WebSite\",\"@id\":\"https:\\\/\\\/www.afriquenouvellemusique.org\\\/site\\\/fr\\\/#website\",\"url\":\"https:\\\/\\\/www.afriquenouvellemusique.org\\\/site\\\/fr\\\/\",\"name\":\"\",\"description\":\"\",\"publisher\":{\"@id\":\"https:\\\/\\\/www.afriquenouvellemusique.org\\\/site\\\/fr\\\/#organization\"},\"potentialAction\":[{\"@type\":\"SearchAction\",\"target\":{\"@type\":\"EntryPoint\",\"urlTemplate\":\"https:\\\/\\\/www.afriquenouvellemusique.org\\\/site\\\/fr\\\/?s={search_term_string}\"},\"query-input\":{\"@type\":\"PropertyValueSpecification\",\"valueRequired\":true,\"valueName\":\"search_term_string\"}}],\"inLanguage\":\"fr-FR\"},{\"@type\":\"Organization\",\"@id\":\"https:\\\/\\\/www.afriquenouvellemusique.org\\\/site\\\/fr\\\/#organization\",\"name\":\"Afrique Nouvelle Musique\",\"url\":\"https:\\\/\\\/www.afriquenouvellemusique.org\\\/site\\\/fr\\\/\",\"logo\":{\"@type\":\"ImageObject\",\"inLanguage\":\"fr-FR\",\"@id\":\"https:\\\/\\\/www.afriquenouvellemusique.org\\\/site\\\/fr\\\/#\\\/schema\\\/logo\\\/image\\\/\",\"url\":\"http:\\\/\\\/www.afriquenouvellemusique.org\\\/site\\\/wp-content\\\/uploads\\\/2020\\\/06\\\/logo.png\",\"contentUrl\":\"http:\\\/\\\/www.afriquenouvellemusique.org\\\/site\\\/wp-content\\\/uploads\\\/2020\\\/06\\\/logo.png\",\"width\":1663,\"height\":1749,\"caption\":\"Afrique Nouvelle Musique\"},\"image\":{\"@id\":\"https:\\\/\\\/www.afriquenouvellemusique.org\\\/site\\\/fr\\\/#\\\/schema\\\/logo\\\/image\\\/\"},\"sameAs\":[\"https:\\\/\\\/www.facebook.com\\\/AfriqueNM\"]},{\"@type\":\"Person\",\"@id\":\"https:\\\/\\\/www.afriquenouvellemusique.org\\\/site\\\/fr\\\/#\\\/schema\\\/person\\\/0e0e29ca3c0c70d80e07abb3472ef056\",\"name\":\"admin\",\"image\":{\"@type\":\"ImageObject\",\"inLanguage\":\"fr-FR\",\"@id\":\"https:\\\/\\\/secure.gravatar.com\\\/avatar\\\/93c5782cae0bb4e9f2019dc7b10f9b8e2db9a6e121cfd8e3c0d053a601fcc21b?s=96&d=mm&r=g\",\"url\":\"https:\\\/\\\/secure.gravatar.com\\\/avatar\\\/93c5782cae0bb4e9f2019dc7b10f9b8e2db9a6e121cfd8e3c0d053a601fcc21b?s=96&d=mm&r=g\",\"contentUrl\":\"https:\\\/\\\/secure.gravatar.com\\\/avatar\\\/93c5782cae0bb4e9f2019dc7b10f9b8e2db9a6e121cfd8e3c0d053a601fcc21b?s=96&d=mm&r=g\",\"caption\":\"admin\"},\"sameAs\":[\"http:\\\/\\\/www.afriquenouvellemusique.org\\\/site\"],\"url\":\"https:\\\/\\\/www.afriquenouvellemusique.org\\\/site\\\/fr\\\/author\\\/admin\\\/\"}]}<\/script>\n<!-- \/ Yoast SEO plugin. -->","yoast_head_json":{"title":"Causeries Artistiques en Fran\u00e7ais - 26 Nov 2022 -","robots":{"index":"index","follow":"follow","max-snippet":"max-snippet:-1","max-image-preview":"max-image-preview:large","max-video-preview":"max-video-preview:-1"},"canonical":"https:\/\/www.afriquenouvellemusique.org\/site\/fr\/eventscat\/causeries-artistiques-en-francais-nov-26-2022\/","og_locale":"fr_FR","og_type":"article","og_title":"Causeries Artistiques en Fran\u00e7ais - 26 Nov 2022 -","og_description":"Une srie de rencontres multidisciplinaires autour de la musique, de la danse et des arts littraires, accompagnes de dbats et discussions entre [&hellip;]","og_url":"https:\/\/www.afriquenouvellemusique.org\/site\/fr\/eventscat\/causeries-artistiques-en-francais-nov-26-2022\/","article_publisher":"https:\/\/www.facebook.com\/AfriqueNM","article_published_time":"2022-10-23T17:51:14+00:00","article_modified_time":"2024-02-05T16:08:41+00:00","og_image":[{"width":1013,"height":1800,"url":"https:\/\/www.afriquenouvellemusique.org\/site\/wp-content\/uploads\/2022\/10\/CausArtNov22-sm.jpg","type":"image\/jpeg"}],"author":"admin","twitter_card":"summary_large_image","twitter_misc":{"\u00c9crit par":"admin","Dur\u00e9e de lecture estim\u00e9e":"6 minutes"},"schema":{"@context":"https:\/\/schema.org","@graph":[{"@type":"Article","@id":"https:\/\/www.afriquenouvellemusique.org\/site\/fr\/eventscat\/causeries-artistiques-en-francais-nov-26-2022\/#article","isPartOf":{"@id":"https:\/\/www.afriquenouvellemusique.org\/site\/fr\/eventscat\/causeries-artistiques-en-francais-nov-26-2022\/"},"author":{"name":"admin","@id":"https:\/\/www.afriquenouvellemusique.org\/site\/fr\/#\/schema\/person\/0e0e29ca3c0c70d80e07abb3472ef056"},"headline":"Causeries Artistiques en Fran\u00e7ais &#8211; 26 Nov 2022","datePublished":"2022-10-23T17:51:14+00:00","dateModified":"2024-02-05T16:08:41+00:00","mainEntityOfPage":{"@id":"https:\/\/www.afriquenouvellemusique.org\/site\/fr\/eventscat\/causeries-artistiques-en-francais-nov-26-2022\/"},"wordCount":1162,"publisher":{"@id":"https:\/\/www.afriquenouvellemusique.org\/site\/fr\/#organization"},"image":{"@id":"https:\/\/www.afriquenouvellemusique.org\/site\/fr\/eventscat\/causeries-artistiques-en-francais-nov-26-2022\/#primaryimage"},"thumbnailUrl":"https:\/\/www.afriquenouvellemusique.org\/site\/wp-content\/uploads\/2022\/10\/CausArtNov22-sm.jpg","keywords":["africa","africa new music","african","afrique nouvelle musique","amadou kienou","Ange Ngankam","canada","causeries aritistiques","didier leclair","montreal","multiculturalism","MUSIC","quebec","toronto"],"articleSection":["\u00c9v\u00e9nements","\u00c9v\u00e9nements Pass\u00e9s"],"inLanguage":"fr-FR"},{"@type":"WebPage","@id":"https:\/\/www.afriquenouvellemusique.org\/site\/fr\/eventscat\/causeries-artistiques-en-francais-nov-26-2022\/","url":"https:\/\/www.afriquenouvellemusique.org\/site\/fr\/eventscat\/causeries-artistiques-en-francais-nov-26-2022\/","name":"Causeries Artistiques en Fran\u00e7ais - 26 Nov 2022 -","isPartOf":{"@id":"https:\/\/www.afriquenouvellemusique.org\/site\/fr\/#website"},"primaryImageOfPage":{"@id":"https:\/\/www.afriquenouvellemusique.org\/site\/fr\/eventscat\/causeries-artistiques-en-francais-nov-26-2022\/#primaryimage"},"image":{"@id":"https:\/\/www.afriquenouvellemusique.org\/site\/fr\/eventscat\/causeries-artistiques-en-francais-nov-26-2022\/#primaryimage"},"thumbnailUrl":"https:\/\/www.afriquenouvellemusique.org\/site\/wp-content\/uploads\/2022\/10\/CausArtNov22-sm.jpg","datePublished":"2022-10-23T17:51:14+00:00","dateModified":"2024-02-05T16:08:41+00:00","breadcrumb":{"@id":"https:\/\/www.afriquenouvellemusique.org\/site\/fr\/eventscat\/causeries-artistiques-en-francais-nov-26-2022\/#breadcrumb"},"inLanguage":"fr-FR","potentialAction":[{"@type":"ReadAction","target":[["https:\/\/www.afriquenouvellemusique.org\/site\/fr\/eventscat\/causeries-artistiques-en-francais-nov-26-2022\/"]]}]},{"@type":"ImageObject","inLanguage":"fr-FR","@id":"https:\/\/www.afriquenouvellemusique.org\/site\/fr\/eventscat\/causeries-artistiques-en-francais-nov-26-2022\/#primaryimage","url":"https:\/\/www.afriquenouvellemusique.org\/site\/wp-content\/uploads\/2022\/10\/CausArtNov22-sm.jpg","contentUrl":"https:\/\/www.afriquenouvellemusique.org\/site\/wp-content\/uploads\/2022\/10\/CausArtNov22-sm.jpg","width":1013,"height":1800,"caption":"afrique nouvelle musique africa new music toronto canada art arts african congo congolese arthur tongo thomas tumbu festival bana y'afrique"},{"@type":"BreadcrumbList","@id":"https:\/\/www.afriquenouvellemusique.org\/site\/fr\/eventscat\/causeries-artistiques-en-francais-nov-26-2022\/#breadcrumb","itemListElement":[{"@type":"ListItem","position":1,"name":"Home","item":"https:\/\/www.afriquenouvellemusique.org\/site\/fr\/"},{"@type":"ListItem","position":2,"name":"Causeries Artistiques en Fran\u00e7ais &#8211; 26 Nov 2022"}]},{"@type":"WebSite","@id":"https:\/\/www.afriquenouvellemusique.org\/site\/fr\/#website","url":"https:\/\/www.afriquenouvellemusique.org\/site\/fr\/","name":"","description":"","publisher":{"@id":"https:\/\/www.afriquenouvellemusique.org\/site\/fr\/#organization"},"potentialAction":[{"@type":"SearchAction","target":{"@type":"EntryPoint","urlTemplate":"https:\/\/www.afriquenouvellemusique.org\/site\/fr\/?s={search_term_string}"},"query-input":{"@type":"PropertyValueSpecification","valueRequired":true,"valueName":"search_term_string"}}],"inLanguage":"fr-FR"},{"@type":"Organization","@id":"https:\/\/www.afriquenouvellemusique.org\/site\/fr\/#organization","name":"Afrique Nouvelle Musique","url":"https:\/\/www.afriquenouvellemusique.org\/site\/fr\/","logo":{"@type":"ImageObject","inLanguage":"fr-FR","@id":"https:\/\/www.afriquenouvellemusique.org\/site\/fr\/#\/schema\/logo\/image\/","url":"http:\/\/www.afriquenouvellemusique.org\/site\/wp-content\/uploads\/2020\/06\/logo.png","contentUrl":"http:\/\/www.afriquenouvellemusique.org\/site\/wp-content\/uploads\/2020\/06\/logo.png","width":1663,"height":1749,"caption":"Afrique Nouvelle Musique"},"image":{"@id":"https:\/\/www.afriquenouvellemusique.org\/site\/fr\/#\/schema\/logo\/image\/"},"sameAs":["https:\/\/www.facebook.com\/AfriqueNM"]},{"@type":"Person","@id":"https:\/\/www.afriquenouvellemusique.org\/site\/fr\/#\/schema\/person\/0e0e29ca3c0c70d80e07abb3472ef056","name":"admin","image":{"@type":"ImageObject","inLanguage":"fr-FR","@id":"https:\/\/secure.gravatar.com\/avatar\/93c5782cae0bb4e9f2019dc7b10f9b8e2db9a6e121cfd8e3c0d053a601fcc21b?s=96&d=mm&r=g","url":"https:\/\/secure.gravatar.com\/avatar\/93c5782cae0bb4e9f2019dc7b10f9b8e2db9a6e121cfd8e3c0d053a601fcc21b?s=96&d=mm&r=g","contentUrl":"https:\/\/secure.gravatar.com\/avatar\/93c5782cae0bb4e9f2019dc7b10f9b8e2db9a6e121cfd8e3c0d053a601fcc21b?s=96&d=mm&r=g","caption":"admin"},"sameAs":["http:\/\/www.afriquenouvellemusique.org\/site"],"url":"https:\/\/www.afriquenouvellemusique.org\/site\/fr\/author\/admin\/"}]}},"_links":{"self":[{"href":"https:\/\/www.afriquenouvellemusique.org\/site\/fr\/wp-json\/wp\/v2\/posts\/4459","targetHints":{"allow":["GET"]}}],"collection":[{"href":"https:\/\/www.afriquenouvellemusique.org\/site\/fr\/wp-json\/wp\/v2\/posts"}],"about":[{"href":"https:\/\/www.afriquenouvellemusique.org\/site\/fr\/wp-json\/wp\/v2\/types\/post"}],"author":[{"embeddable":true,"href":"https:\/\/www.afriquenouvellemusique.org\/site\/fr\/wp-json\/wp\/v2\/users\/1"}],"replies":[{"embeddable":true,"href":"https:\/\/www.afriquenouvellemusique.org\/site\/fr\/wp-json\/wp\/v2\/comments?post=4459"}],"version-history":[{"count":32,"href":"https:\/\/www.afriquenouvellemusique.org\/site\/fr\/wp-json\/wp\/v2\/posts\/4459\/revisions"}],"predecessor-version":[{"id":4978,"href":"https:\/\/www.afriquenouvellemusique.org\/site\/fr\/wp-json\/wp\/v2\/posts\/4459\/revisions\/4978"}],"wp:featuredmedia":[{"embeddable":true,"href":"https:\/\/www.afriquenouvellemusique.org\/site\/fr\/wp-json\/wp\/v2\/media\/4526"}],"wp:attachment":[{"href":"https:\/\/www.afriquenouvellemusique.org\/site\/fr\/wp-json\/wp\/v2\/media?parent=4459"}],"wp:term":[{"taxonomy":"category","embeddable":true,"href":"https:\/\/www.afriquenouvellemusique.org\/site\/fr\/wp-json\/wp\/v2\/categories?post=4459"},{"taxonomy":"post_tag","embeddable":true,"href":"https:\/\/www.afriquenouvellemusique.org\/site\/fr\/wp-json\/wp\/v2\/tags?post=4459"}],"curies":[{"name":"wp","href":"https:\/\/api.w.org\/{rel}","templated":true}]}}